{"id":4600,"date":"2017-02-03T08:26:29","date_gmt":"2017-02-03T07:26:29","guid":{"rendered":"https:\/\/www.comitenervo.fr\/?p=4600"},"modified":"2018-10-28T12:22:42","modified_gmt":"2018-10-28T11:22:42","slug":"accueil-ados","status":"publish","type":"post","link":"https:\/\/www.comitenervo.fr\/?p=4600","title":{"rendered":"ACCUEIL ADOS."},"content":{"rendered":"<p>Une r\u00e9union s&rsquo;est d\u00e9roul\u00e9e ce jeudi avec les responsables du service municipal\u00a0\u00bb pr\u00e9vention jeunesse\u00a0\u00bb,<\/p>\n<p>Mrs Mpungwe, Marcuzzi, Rosiek.<\/p>\n<p>En effet, le comit\u00e9 a l&rsquo;intention de mettre en place un accueil de loisirs r\u00e9serv\u00e9 aux ados \u00e0 partir de 11 ans<\/p>\n<p>et cela au local associatif.<\/p>\n<p>D&rsquo;autres r\u00e9unions sont pr\u00e9vues prochainement.<\/p>\n<div id=\"attachment_4601\" style=\"width: 160px\" class=\"wp-caption alignleft\"><a href=\"https:\/\/www.comitenervo.fr\/wp-content\/uploads\/2017\/02\/P1030054.jpg\"><img loading=\"lazy\" decoding=\"async\" aria-describedby=\"caption-attachment-4601\" class=\"size-thumbnail wp-image-4601\" src=\"https:\/\/www.comitenervo.fr\/wp-content\/uploads\/2017\/02\/P1030054-150x150.jpg\" alt=\"Anderson explique les conditions.\" width=\"150\" height=\"150\" \/><\/a><p id=\"caption-attachment-4601\" class=\"wp-caption-text\">Anderson explique les conditions.\u00a0\u00a0\u00a0\u00a0\u00a0\u00a0\u00a0\u00a0\u00a0\u00a0\u00a0\u00a0\u00a0\u00a0\u00a0\u00a0\u00a0\u00a0\u00a0\u00a0<\/p><\/div>\n<div id=\"attachment_4602\" style=\"width: 160px\" class=\"wp-caption alignright\"><a href=\"https:\/\/www.comitenervo.fr\/wp-content\/uploads\/2017\/02\/P1030055.jpg\"><img loading=\"lazy\" decoding=\"async\" aria-describedby=\"caption-attachment-4602\" class=\"size-thumbnail wp-image-4602\" src=\"https:\/\/www.comitenervo.fr\/wp-content\/uploads\/2017\/02\/P1030055-150x150.jpg\" alt=\"R\u00e9union studieuse.\" width=\"150\" height=\"150\" \/><\/a><p id=\"caption-attachment-4602\" class=\"wp-caption-text\">R\u00e9union studieuse.<\/p><\/div>\n","protected":false},"excerpt":{"rendered":"<p>Une r\u00e9union s&rsquo;est d\u00e9roul\u00e9e ce jeudi avec les responsables du service municipal\u00a0\u00bb pr\u00e9vention jeunesse\u00a0\u00bb, Mrs Mpungwe, Marcuzzi, Rosiek. En effet, le comit\u00e9 a l&rsquo;intention de mettre en place un accueil de loisirs r\u00e9serv\u00e9 aux ados \u00e0 partir de 11 ans &hellip; <a href=\"https:\/\/www.comitenervo.fr\/?p=4600\">Continuer la lecture <span class=\"meta-nav\">&rarr;<\/span><\/a><\/p>\n","protected":false},"author":2,"featured_media":0,"comment_status":"open","ping_status":"open","sticky":false,"template":"","format":"standard","meta":{"_monsterinsights_skip_tracking":false,"_monsterinsights_sitenote_active":false,"_monsterinsights_sitenote_note":"","_monsterinsights_sitenote_category":0,"ngg_post_thumbnail":0,"footnotes":""},"categories":[6],"tags":[],"class_list":["post-4600","post","type-post","status-publish","format-standard","hentry","category-vie-de-la-cite"],"_links":{"self":[{"href":"https:\/\/www.comitenervo.fr\/index.php?rest_route=\/wp\/v2\/posts\/4600","targetHints":{"allow":["GET"]}}],"collection":[{"href":"https:\/\/www.comitenervo.fr\/index.php?rest_route=\/wp\/v2\/posts"}],"about":[{"href":"https:\/\/www.comitenervo.fr\/index.php?rest_route=\/wp\/v2\/types\/post"}],"author":[{"embeddable":true,"href":"https:\/\/www.comitenervo.fr\/index.php?rest_route=\/wp\/v2\/users\/2"}],"replies":[{"embeddable":true,"href":"https:\/\/www.comitenervo.fr\/index.php?rest_route=%2Fwp%2Fv2%2Fcomments&post=4600"}],"version-history":[{"count":2,"href":"https:\/\/www.comitenervo.fr\/index.php?rest_route=\/wp\/v2\/posts\/4600\/revisions"}],"predecessor-version":[{"id":4604,"href":"https:\/\/www.comitenervo.fr\/index.php?rest_route=\/wp\/v2\/posts\/4600\/revisions\/4604"}],"wp:attachment":[{"href":"https:\/\/www.comitenervo.fr\/index.php?rest_route=%2Fwp%2Fv2%2Fmedia&parent=4600"}],"wp:term":[{"taxonomy":"category","embeddable":true,"href":"https:\/\/www.comitenervo.fr\/index.php?rest_route=%2Fwp%2Fv2%2Fcategories&post=4600"},{"taxonomy":"post_tag","embeddable":true,"href":"https:\/\/www.comitenervo.fr\/index.php?rest_route=%2Fwp%2Fv2%2Ftags&post=4600"}],"curies":[{"name":"wp","href":"https:\/\/api.w.org\/{rel}","templated":true}]}}