{"id":4584,"date":"2017-01-15T11:45:58","date_gmt":"2017-01-15T10:45:58","guid":{"rendered":"https:\/\/www.comitenervo.fr\/?p=4584"},"modified":"2018-10-28T12:19:37","modified_gmt":"2018-10-28T11:19:37","slug":"les-reines-de-la-galette","status":"publish","type":"post","link":"https:\/\/www.comitenervo.fr\/?p=4584","title":{"rendered":"LES  REINES DE LA GALETTE."},"content":{"rendered":"<p>Tradition respect\u00e9e chez les dames de l&rsquo;atelier cuisine: la fameuse galette !!!!!<\/p>\n<p>Et c&rsquo;est H\u00e9l\u00e8ne et Myriam qui ont port\u00e9 le chapeau .<\/p>\n<div id=\"attachment_4586\" style=\"width: 179px\" class=\"wp-caption alignright\"><a href=\"https:\/\/www.comitenervo.fr\/wp-content\/uploads\/2017\/01\/WP_20161228_14_51_38_Pro.jpg\"><img loading=\"lazy\" decoding=\"async\" aria-describedby=\"caption-attachment-4586\" class=\"size-medium wp-image-4586\" src=\"https:\/\/www.comitenervo.fr\/wp-content\/uploads\/2017\/01\/WP_20161228_14_51_38_Pro-169x300.jpg\" alt=\"H\u00e9l\u00e8ne.\" width=\"169\" height=\"300\" srcset=\"https:\/\/www.comitenervo.fr\/wp-content\/uploads\/2017\/01\/WP_20161228_14_51_38_Pro-169x300.jpg 169w, https:\/\/www.comitenervo.fr\/wp-content\/uploads\/2017\/01\/WP_20161228_14_51_38_Pro-768x1365.jpg 768w, https:\/\/www.comitenervo.fr\/wp-content\/uploads\/2017\/01\/WP_20161228_14_51_38_Pro-576x1024.jpg 576w, https:\/\/www.comitenervo.fr\/wp-content\/uploads\/2017\/01\/WP_20161228_14_51_38_Pro-84x150.jpg 84w, https:\/\/www.comitenervo.fr\/wp-content\/uploads\/2017\/01\/WP_20161228_14_51_38_Pro-400x711.jpg 400w, https:\/\/www.comitenervo.fr\/wp-content\/uploads\/2017\/01\/WP_20161228_14_51_38_Pro.jpg 900w\" sizes=\"auto, (max-width: 169px) 100vw, 169px\" \/><\/a><p id=\"caption-attachment-4586\" class=\"wp-caption-text\">H\u00e9l\u00e8ne.<\/p><\/div>\n<div id=\"attachment_4585\" style=\"width: 179px\" class=\"wp-caption alignleft\"><a href=\"https:\/\/www.comitenervo.fr\/wp-content\/uploads\/2017\/01\/WP_20161228_14_56_18_Pro.jpg\"><img loading=\"lazy\" decoding=\"async\" aria-describedby=\"caption-attachment-4585\" class=\"size-medium wp-image-4585\" src=\"https:\/\/www.comitenervo.fr\/wp-content\/uploads\/2017\/01\/WP_20161228_14_56_18_Pro-169x300.jpg\" alt=\"Myriam.\" width=\"169\" height=\"300\" srcset=\"https:\/\/www.comitenervo.fr\/wp-content\/uploads\/2017\/01\/WP_20161228_14_56_18_Pro-169x300.jpg 169w, https:\/\/www.comitenervo.fr\/wp-content\/uploads\/2017\/01\/WP_20161228_14_56_18_Pro-768x1365.jpg 768w, https:\/\/www.comitenervo.fr\/wp-content\/uploads\/2017\/01\/WP_20161228_14_56_18_Pro-576x1024.jpg 576w, https:\/\/www.comitenervo.fr\/wp-content\/uploads\/2017\/01\/WP_20161228_14_56_18_Pro-84x150.jpg 84w, https:\/\/www.comitenervo.fr\/wp-content\/uploads\/2017\/01\/WP_20161228_14_56_18_Pro-400x711.jpg 400w, https:\/\/www.comitenervo.fr\/wp-content\/uploads\/2017\/01\/WP_20161228_14_56_18_Pro.jpg 900w\" sizes=\"auto, (max-width: 169px) 100vw, 169px\" \/><\/a><p id=\"caption-attachment-4585\" class=\"wp-caption-text\">Myriam.\u00a0\u00a0\u00a0\u00a0\u00a0 \u00a0 \u00a0 \u00a0\u00a0\u00a0\u00a0\u00a0\u00a0\u00a0\u00a0\u00a0\u00a0\u00a0\u00a0\u00a0\u00a0\u00a0\u00a0\u00a0\u00a0\u00a0\u00a0\u00a0\u00a0\u00a0\u00a0\u00a0\u00a0\u00a0\u00a0\u00a0\u00a0\u00a0\u00a0\u00a0\u00a0\u00a0\u00a0\u00a0\u00a0\u00a0\u00a0\u00a0\u00a0\u00a0\u00a0\u00a0\u00a0\u00a0\u00a0\u00a0\u00a0\u00a0\u00a0\u00a0\u00a0\u00a0\u00a0\u00a0\u00a0\u00a0\u00a0\u00a0\u00a0\u00a0\u00a0\u00a0\u00a0\u00a0\u00a0\u00a0\u00a0\u00a0\u00a0\u00a0\u00a0\u00a0\u00a0\u00a0\u00a0\u00a0\u00a0\u00a0\u00a0\u00a0\u00a0\u00a0\u00a0\u00a0\u00a0\u00a0\u00a0\u00a0\u00a0\u00a0\u00a0\u00a0\u00a0\u00a0\u00a0\u00a0\u00a0\u00a0\u00a0\u00a0\u00a0\u00a0\u00a0\u00a0<\/p><\/div>\n","protected":false},"excerpt":{"rendered":"<p>Tradition respect\u00e9e chez les dames de l&rsquo;atelier cuisine: la fameuse galette !!!!! Et c&rsquo;est H\u00e9l\u00e8ne et Myriam qui ont port\u00e9 le chapeau .<\/p>\n","protected":false},"author":2,"featured_media":0,"comment_status":"open","ping_status":"open","sticky":false,"template":"","format":"standard","meta":{"_monsterinsights_skip_tracking":false,"_monsterinsights_sitenote_active":false,"_monsterinsights_sitenote_note":"","_monsterinsights_sitenote_category":0,"ngg_post_thumbnail":0,"footnotes":""},"categories":[10,6],"tags":[],"class_list":["post-4584","post","type-post","status-publish","format-standard","hentry","category-portrait","category-vie-de-la-cite"],"_links":{"self":[{"href":"https:\/\/www.comitenervo.fr\/index.php?rest_route=\/wp\/v2\/posts\/4584","targetHints":{"allow":["GET"]}}],"collection":[{"href":"https:\/\/www.comitenervo.fr\/index.php?rest_route=\/wp\/v2\/posts"}],"about":[{"href":"https:\/\/www.comitenervo.fr\/index.php?rest_route=\/wp\/v2\/types\/post"}],"author":[{"embeddable":true,"href":"https:\/\/www.comitenervo.fr\/index.php?rest_route=\/wp\/v2\/users\/2"}],"replies":[{"embeddable":true,"href":"https:\/\/www.comitenervo.fr\/index.php?rest_route=%2Fwp%2Fv2%2Fcomments&post=4584"}],"version-history":[{"count":2,"href":"https:\/\/www.comitenervo.fr\/index.php?rest_route=\/wp\/v2\/posts\/4584\/revisions"}],"predecessor-version":[{"id":4588,"href":"https:\/\/www.comitenervo.fr\/index.php?rest_route=\/wp\/v2\/posts\/4584\/revisions\/4588"}],"wp:attachment":[{"href":"https:\/\/www.comitenervo.fr\/index.php?rest_route=%2Fwp%2Fv2%2Fmedia&parent=4584"}],"wp:term":[{"taxonomy":"category","embeddable":true,"href":"https:\/\/www.comitenervo.fr\/index.php?rest_route=%2Fwp%2Fv2%2Fcategories&post=4584"},{"taxonomy":"post_tag","embeddable":true,"href":"https:\/\/www.comitenervo.fr\/index.php?rest_route=%2Fwp%2Fv2%2Ftags&post=4584"}],"curies":[{"name":"wp","href":"https:\/\/api.w.org\/{rel}","templated":true}]}}