{"id":4575,"date":"2017-01-08T10:27:06","date_gmt":"2017-01-08T09:27:06","guid":{"rendered":"https:\/\/www.comitenervo.fr\/?p=4575"},"modified":"2018-10-28T12:19:32","modified_gmt":"2018-10-28T11:19:32","slug":"voeux-3","status":"publish","type":"post","link":"https:\/\/www.comitenervo.fr\/?p=4575","title":{"rendered":"V\u0152UX."},"content":{"rendered":"<p>Le comit\u00e9 pr\u00e9sente tout ses meilleurs v\u0153ux de sant\u00e9, bonheur et r\u00e9ussite pour cette ann\u00e9e 2017 aux habitants du quartier, adh\u00e9rents, sympathisants \u00a0\u00a0\u00a0\u00a0\u00a0\u00a0\u00a0\u00a0 .<\/p>\n<p>Une pens\u00e9e particuli\u00e8re pour ceux qui se trouvent actuellement \u00e0 l\u2019h\u00f4pital.<\/p>\n<p>Sur la photo, le parc semble endormi, attendant sans doute le printemps avec les\u00a0 cris des enfants, et les rires des joueurs de p\u00e9tanque.<\/p>\n<div id=\"attachment_4576\" style=\"width: 310px\" class=\"wp-caption aligncenter\"><a href=\"https:\/\/www.comitenervo.fr\/wp-content\/uploads\/2017\/01\/P1030012.jpg\"><img loading=\"lazy\" decoding=\"async\" aria-describedby=\"caption-attachment-4576\" class=\"size-medium wp-image-4576\" src=\"https:\/\/www.comitenervo.fr\/wp-content\/uploads\/2017\/01\/P1030012-300x225.jpg\" alt=\"Le parc semble endormi .\" width=\"300\" height=\"225\" srcset=\"https:\/\/www.comitenervo.fr\/wp-content\/uploads\/2017\/01\/P1030012-300x225.jpg 300w, https:\/\/www.comitenervo.fr\/wp-content\/uploads\/2017\/01\/P1030012-768x576.jpg 768w, https:\/\/www.comitenervo.fr\/wp-content\/uploads\/2017\/01\/P1030012-1024x768.jpg 1024w, https:\/\/www.comitenervo.fr\/wp-content\/uploads\/2017\/01\/P1030012-150x113.jpg 150w, https:\/\/www.comitenervo.fr\/wp-content\/uploads\/2017\/01\/P1030012-400x300.jpg 400w\" sizes=\"auto, (max-width: 300px) 100vw, 300px\" \/><\/a><p id=\"caption-attachment-4576\" class=\"wp-caption-text\">Le parc semble endormi .<\/p><\/div>\n","protected":false},"excerpt":{"rendered":"<p>Le comit\u00e9 pr\u00e9sente tout ses meilleurs v\u0153ux de sant\u00e9, bonheur et r\u00e9ussite pour cette ann\u00e9e 2017 aux habitants du quartier, adh\u00e9rents, sympathisants \u00a0\u00a0\u00a0\u00a0\u00a0\u00a0\u00a0\u00a0 . Une pens\u00e9e particuli\u00e8re pour ceux qui se trouvent actuellement \u00e0 l\u2019h\u00f4pital. Sur la photo, le parc &hellip; <a href=\"https:\/\/www.comitenervo.fr\/?p=4575\">Continuer la lecture <span class=\"meta-nav\">&rarr;<\/span><\/a><\/p>\n","protected":false},"author":2,"featured_media":0,"comment_status":"open","ping_status":"open","sticky":false,"template":"","format":"standard","meta":{"_monsterinsights_skip_tracking":false,"_monsterinsights_sitenote_active":false,"_monsterinsights_sitenote_note":"","_monsterinsights_sitenote_category":0,"ngg_post_thumbnail":0,"footnotes":""},"categories":[9],"tags":[],"class_list":["post-4575","post","type-post","status-publish","format-standard","hentry","category-evenement"],"_links":{"self":[{"href":"https:\/\/www.comitenervo.fr\/index.php?rest_route=\/wp\/v2\/posts\/4575","targetHints":{"allow":["GET"]}}],"collection":[{"href":"https:\/\/www.comitenervo.fr\/index.php?rest_route=\/wp\/v2\/posts"}],"about":[{"href":"https:\/\/www.comitenervo.fr\/index.php?rest_route=\/wp\/v2\/types\/post"}],"author":[{"embeddable":true,"href":"https:\/\/www.comitenervo.fr\/index.php?rest_route=\/wp\/v2\/users\/2"}],"replies":[{"embeddable":true,"href":"https:\/\/www.comitenervo.fr\/index.php?rest_route=%2Fwp%2Fv2%2Fcomments&post=4575"}],"version-history":[{"count":2,"href":"https:\/\/www.comitenervo.fr\/index.php?rest_route=\/wp\/v2\/posts\/4575\/revisions"}],"predecessor-version":[{"id":4582,"href":"https:\/\/www.comitenervo.fr\/index.php?rest_route=\/wp\/v2\/posts\/4575\/revisions\/4582"}],"wp:attachment":[{"href":"https:\/\/www.comitenervo.fr\/index.php?rest_route=%2Fwp%2Fv2%2Fmedia&parent=4575"}],"wp:term":[{"taxonomy":"category","embeddable":true,"href":"https:\/\/www.comitenervo.fr\/index.php?rest_route=%2Fwp%2Fv2%2Fcategories&post=4575"},{"taxonomy":"post_tag","embeddable":true,"href":"https:\/\/www.comitenervo.fr\/index.php?rest_route=%2Fwp%2Fv2%2Ftags&post=4575"}],"curies":[{"name":"wp","href":"https:\/\/api.w.org\/{rel}","templated":true}]}}