{"id":4571,"date":"2017-01-08T10:16:35","date_gmt":"2017-01-08T09:16:35","guid":{"rendered":"https:\/\/www.comitenervo.fr\/?p=4571"},"modified":"2018-10-28T12:19:27","modified_gmt":"2018-10-28T11:19:27","slug":"raymond-fait-le-menage","status":"publish","type":"post","link":"https:\/\/www.comitenervo.fr\/?p=4571","title":{"rendered":"RAYMOND FAIT LE M\u00c9NAGE !!!!"},"content":{"rendered":"<p>C&rsquo;est bien d&rsquo;avoir \u00e0 sa disposition un local associatif, mais cela entra\u00eene certaines contraintes: comme toute habitation, il est n\u00e9cessaire de maintenir l&rsquo;endroit propre.<\/p>\n<p>Pas de discrimination, et les messieurs mettent \u00e9galement \u00ab\u00a0la main \u00e0 l&rsquo;aspirateur \u00ab\u00a0!!!!!<\/p>\n<p>Raymond montre l&rsquo;exemple: on le voit nettoyer m\u00eame les petits coins dans le bureau \u00e0 l&rsquo;\u00e9tage.<\/p>\n<div id=\"attachment_4573\" style=\"width: 160px\" class=\"wp-caption alignleft\"><a href=\"https:\/\/www.comitenervo.fr\/wp-content\/uploads\/2017\/01\/P1030011.jpg\"><img loading=\"lazy\" decoding=\"async\" aria-describedby=\"caption-attachment-4573\" class=\"size-thumbnail wp-image-4573\" src=\"https:\/\/www.comitenervo.fr\/wp-content\/uploads\/2017\/01\/P1030011-150x150.jpg\" alt=\"Raymond au boulot.\" width=\"150\" height=\"150\" \/><\/a><p id=\"caption-attachment-4573\" class=\"wp-caption-text\">Raymond au boulot.<\/p><\/div>\n<div id=\"attachment_4572\" style=\"width: 160px\" class=\"wp-caption alignright\"><a href=\"https:\/\/www.comitenervo.fr\/wp-content\/uploads\/2017\/01\/P1030010.jpg\"><img loading=\"lazy\" decoding=\"async\" aria-describedby=\"caption-attachment-4572\" class=\"size-thumbnail wp-image-4572\" src=\"https:\/\/www.comitenervo.fr\/wp-content\/uploads\/2017\/01\/P1030010-150x150.jpg\" alt=\"M\u00eame les petits coins.\" width=\"150\" height=\"150\" \/><\/a><p id=\"caption-attachment-4572\" class=\"wp-caption-text\">M\u00eame les petits coins.<\/p><\/div>\n","protected":false},"excerpt":{"rendered":"<p>C&rsquo;est bien d&rsquo;avoir \u00e0 sa disposition un local associatif, mais cela entra\u00eene certaines contraintes: comme toute habitation, il est n\u00e9cessaire de maintenir l&rsquo;endroit propre. Pas de discrimination, et les messieurs mettent \u00e9galement \u00ab\u00a0la main \u00e0 l&rsquo;aspirateur \u00ab\u00a0!!!!! Raymond montre l&rsquo;exemple: &hellip; <a href=\"https:\/\/www.comitenervo.fr\/?p=4571\">Continuer la lecture <span class=\"meta-nav\">&rarr;<\/span><\/a><\/p>\n","protected":false},"author":2,"featured_media":0,"comment_status":"open","ping_status":"open","sticky":false,"template":"","format":"standard","meta":{"_monsterinsights_skip_tracking":false,"_monsterinsights_sitenote_active":false,"_monsterinsights_sitenote_note":"","_monsterinsights_sitenote_category":0,"ngg_post_thumbnail":0,"footnotes":""},"categories":[10],"tags":[],"class_list":["post-4571","post","type-post","status-publish","format-standard","hentry","category-portrait"],"_links":{"self":[{"href":"https:\/\/www.comitenervo.fr\/index.php?rest_route=\/wp\/v2\/posts\/4571","targetHints":{"allow":["GET"]}}],"collection":[{"href":"https:\/\/www.comitenervo.fr\/index.php?rest_route=\/wp\/v2\/posts"}],"about":[{"href":"https:\/\/www.comitenervo.fr\/index.php?rest_route=\/wp\/v2\/types\/post"}],"author":[{"embeddable":true,"href":"https:\/\/www.comitenervo.fr\/index.php?rest_route=\/wp\/v2\/users\/2"}],"replies":[{"embeddable":true,"href":"https:\/\/www.comitenervo.fr\/index.php?rest_route=%2Fwp%2Fv2%2Fcomments&post=4571"}],"version-history":[{"count":1,"href":"https:\/\/www.comitenervo.fr\/index.php?rest_route=\/wp\/v2\/posts\/4571\/revisions"}],"predecessor-version":[{"id":4574,"href":"https:\/\/www.comitenervo.fr\/index.php?rest_route=\/wp\/v2\/posts\/4571\/revisions\/4574"}],"wp:attachment":[{"href":"https:\/\/www.comitenervo.fr\/index.php?rest_route=%2Fwp%2Fv2%2Fmedia&parent=4571"}],"wp:term":[{"taxonomy":"category","embeddable":true,"href":"https:\/\/www.comitenervo.fr\/index.php?rest_route=%2Fwp%2Fv2%2Fcategories&post=4571"},{"taxonomy":"post_tag","embeddable":true,"href":"https:\/\/www.comitenervo.fr\/index.php?rest_route=%2Fwp%2Fv2%2Ftags&post=4571"}],"curies":[{"name":"wp","href":"https:\/\/api.w.org\/{rel}","templated":true}]}}