{"id":4557,"date":"2017-01-02T09:04:22","date_gmt":"2017-01-02T08:04:22","guid":{"rendered":"https:\/\/www.comitenervo.fr\/?p=4557"},"modified":"2018-10-28T12:19:16","modified_gmt":"2018-10-28T11:19:16","slug":"noel-des-enfants-3","status":"publish","type":"post","link":"https:\/\/www.comitenervo.fr\/?p=4557","title":{"rendered":"NO\u00cbL DES ENFANTS."},"content":{"rendered":"<p>Cette ann\u00e9e la distribution des cadeaux s&rsquo;est d\u00e9roul\u00e9e, au local associatif, sous la responsabilit\u00e9 de Christiane Dhaussy et Joselyne Ruffin.<\/p>\n<p>60 enfants ont re\u00e7u bonbons,chocolats,coquilles mais aussi cartes cadeaux et pyjamas pour les b\u00e9b\u00e9s.<\/p>\n<p>Le comit\u00e9 pense n\u00e9anmoins revenir \u00e0 l&rsquo;organisation d&rsquo;un mini-march\u00e9 de No\u00ebl . Cette manifestation\u00a0 avait rencontr\u00e9 un franc succ\u00e8s en 2015 : avec vin chaud, gaufres, cr\u00eapes, tartes, d\u00e9corations ,cadeaux&#8230;&#8230; on salive d\u00e9j\u00e0 !!!!!!!!!<\/p>\n<div id=\"attachment_4558\" style=\"width: 160px\" class=\"wp-caption aligncenter\"><a href=\"https:\/\/www.comitenervo.fr\/wp-content\/uploads\/2017\/01\/P1020985.jpg\"><img loading=\"lazy\" decoding=\"async\" aria-describedby=\"caption-attachment-4558\" class=\"size-thumbnail wp-image-4558\" src=\"https:\/\/www.comitenervo.fr\/wp-content\/uploads\/2017\/01\/P1020985-150x150.jpg\" alt=\"Christiane et Joss\" width=\"150\" height=\"150\" \/><\/a><p id=\"caption-attachment-4558\" class=\"wp-caption-text\">Christiane et Joss \u00a0\u00a0\u00a0\u00a0\u00a0\u00a0\u00a0\u00a0\u00a0\u00a0\u00a0\u00a0\u00a0\u00a0\u00a0\u00a0\u00a0\u00a0\u00a0\u00a0\u00a0\u00a0\u00a0\u00a0\u00a0\u00a0<\/p><\/div>\n<div id=\"attachment_4560\" style=\"width: 160px\" class=\"wp-caption alignright\"><a href=\"https:\/\/www.comitenervo.fr\/wp-content\/uploads\/2017\/01\/P1020999.jpg\"><img loading=\"lazy\" decoding=\"async\" aria-describedby=\"caption-attachment-4560\" class=\"size-thumbnail wp-image-4560\" src=\"https:\/\/www.comitenervo.fr\/wp-content\/uploads\/2017\/01\/P1020999-150x150.jpg\" alt=\"P\u00e8re No\u00ebl G\u00e9rard !!!!\" width=\"150\" height=\"150\" \/><\/a><p id=\"caption-attachment-4560\" class=\"wp-caption-text\">P\u00e8re No\u00ebl G\u00e9rard !!!!<\/p><\/div>\n<div id=\"attachment_4559\" style=\"width: 160px\" class=\"wp-caption alignleft\"><a href=\"https:\/\/www.comitenervo.fr\/wp-content\/uploads\/2017\/01\/P1020994.jpg\"><img loading=\"lazy\" decoding=\"async\" aria-describedby=\"caption-attachment-4559\" class=\"size-thumbnail wp-image-4559\" src=\"https:\/\/www.comitenervo.fr\/wp-content\/uploads\/2017\/01\/P1020994-150x150.jpg\" alt=\"On croit toujours au P\u00e8re No\u00ebl\" width=\"150\" height=\"150\" \/><\/a><p id=\"caption-attachment-4559\" class=\"wp-caption-text\">On croit toujours au P\u00e8re No\u00ebl<\/p><\/div>\n","protected":false},"excerpt":{"rendered":"<p>Cette ann\u00e9e la distribution des cadeaux s&rsquo;est d\u00e9roul\u00e9e, au local associatif, sous la responsabilit\u00e9 de Christiane Dhaussy et Joselyne Ruffin. 60 enfants ont re\u00e7u bonbons,chocolats,coquilles mais aussi cartes cadeaux et pyjamas pour les b\u00e9b\u00e9s. Le comit\u00e9 pense n\u00e9anmoins revenir \u00e0 &hellip; <a href=\"https:\/\/www.comitenervo.fr\/?p=4557\">Continuer la lecture <span class=\"meta-nav\">&rarr;<\/span><\/a><\/p>\n","protected":false},"author":2,"featured_media":0,"comment_status":"open","ping_status":"open","sticky":false,"template":"","format":"standard","meta":{"_monsterinsights_skip_tracking":false,"_monsterinsights_sitenote_active":false,"_monsterinsights_sitenote_note":"","_monsterinsights_sitenote_category":0,"ngg_post_thumbnail":0,"footnotes":""},"categories":[9,6],"tags":[],"class_list":["post-4557","post","type-post","status-publish","format-standard","hentry","category-evenement","category-vie-de-la-cite"],"_links":{"self":[{"href":"https:\/\/www.comitenervo.fr\/index.php?rest_route=\/wp\/v2\/posts\/4557","targetHints":{"allow":["GET"]}}],"collection":[{"href":"https:\/\/www.comitenervo.fr\/index.php?rest_route=\/wp\/v2\/posts"}],"about":[{"href":"https:\/\/www.comitenervo.fr\/index.php?rest_route=\/wp\/v2\/types\/post"}],"author":[{"embeddable":true,"href":"https:\/\/www.comitenervo.fr\/index.php?rest_route=\/wp\/v2\/users\/2"}],"replies":[{"embeddable":true,"href":"https:\/\/www.comitenervo.fr\/index.php?rest_route=%2Fwp%2Fv2%2Fcomments&post=4557"}],"version-history":[{"count":3,"href":"https:\/\/www.comitenervo.fr\/index.php?rest_route=\/wp\/v2\/posts\/4557\/revisions"}],"predecessor-version":[{"id":4563,"href":"https:\/\/www.comitenervo.fr\/index.php?rest_route=\/wp\/v2\/posts\/4557\/revisions\/4563"}],"wp:attachment":[{"href":"https:\/\/www.comitenervo.fr\/index.php?rest_route=%2Fwp%2Fv2%2Fmedia&parent=4557"}],"wp:term":[{"taxonomy":"category","embeddable":true,"href":"https:\/\/www.comitenervo.fr\/index.php?rest_route=%2Fwp%2Fv2%2Fcategories&post=4557"},{"taxonomy":"post_tag","embeddable":true,"href":"https:\/\/www.comitenervo.fr\/index.php?rest_route=%2Fwp%2Fv2%2Ftags&post=4557"}],"curies":[{"name":"wp","href":"https:\/\/api.w.org\/{rel}","templated":true}]}}