{"id":4548,"date":"2016-12-19T22:13:42","date_gmt":"2016-12-19T21:13:42","guid":{"rendered":"https:\/\/www.comitenervo.fr\/?p=4548"},"modified":"2018-10-28T12:19:07","modified_gmt":"2018-10-28T11:19:07","slug":"excursion-a-amiens-2","status":"publish","type":"post","link":"https:\/\/www.comitenervo.fr\/?p=4548","title":{"rendered":"EXCURSION A AMIENS."},"content":{"rendered":"<p>Direction Amiens pour visiter ce march\u00e9 de No\u00ebl r\u00e9put\u00e9 et au final beaucoup de satisfactions parmi les 100 personnes\u00a0 qui ont particip\u00e9 \u00e0 cette excursion.<\/p>\n<p>Des nombreux chalets, une patinoire, une grande roue, tout \u00e9tait vraiment r\u00e9uni sans oublier la cath\u00e9drale et ses illuminations.<\/p>\n<div id=\"attachment_4553\" style=\"width: 235px\" class=\"wp-caption alignleft\"><a href=\"https:\/\/www.comitenervo.fr\/wp-content\/uploads\/2016\/12\/fx1cat.jpg\"><img loading=\"lazy\" decoding=\"async\" aria-describedby=\"caption-attachment-4553\" class=\"size-medium wp-image-4553\" src=\"https:\/\/www.comitenervo.fr\/wp-content\/uploads\/2016\/12\/fx1cat-225x300.jpg\" alt=\"La cath\u00e9drale illumin\u00e9e.\" width=\"225\" height=\"300\" srcset=\"https:\/\/www.comitenervo.fr\/wp-content\/uploads\/2016\/12\/fx1cat-225x300.jpg 225w, https:\/\/www.comitenervo.fr\/wp-content\/uploads\/2016\/12\/fx1cat-768x1024.jpg 768w, https:\/\/www.comitenervo.fr\/wp-content\/uploads\/2016\/12\/fx1cat-113x150.jpg 113w, https:\/\/www.comitenervo.fr\/wp-content\/uploads\/2016\/12\/fx1cat-400x533.jpg 400w, https:\/\/www.comitenervo.fr\/wp-content\/uploads\/2016\/12\/fx1cat.jpg 1512w\" sizes=\"auto, (max-width: 225px) 100vw, 225px\" \/><\/a><p id=\"caption-attachment-4553\" class=\"wp-caption-text\">La cath\u00e9drale illumin\u00e9e.<\/p><\/div>\n<div id=\"attachment_4554\" style=\"width: 310px\" class=\"wp-caption alignright\"><a href=\"https:\/\/www.comitenervo.fr\/wp-content\/uploads\/2016\/12\/P1020964.jpg\"><img loading=\"lazy\" decoding=\"async\" aria-describedby=\"caption-attachment-4554\" class=\"size-medium wp-image-4554\" src=\"https:\/\/www.comitenervo.fr\/wp-content\/uploads\/2016\/12\/P1020964-300x225.jpg\" alt=\"Des participants escaudinois.\" width=\"300\" height=\"225\" srcset=\"https:\/\/www.comitenervo.fr\/wp-content\/uploads\/2016\/12\/P1020964-300x225.jpg 300w, https:\/\/www.comitenervo.fr\/wp-content\/uploads\/2016\/12\/P1020964-768x576.jpg 768w, https:\/\/www.comitenervo.fr\/wp-content\/uploads\/2016\/12\/P1020964-1024x768.jpg 1024w, https:\/\/www.comitenervo.fr\/wp-content\/uploads\/2016\/12\/P1020964-150x113.jpg 150w, https:\/\/www.comitenervo.fr\/wp-content\/uploads\/2016\/12\/P1020964-400x300.jpg 400w\" sizes=\"auto, (max-width: 300px) 100vw, 300px\" \/><\/a><p id=\"caption-attachment-4554\" class=\"wp-caption-text\">Des participants escaudinois.<\/p><\/div>\n","protected":false},"excerpt":{"rendered":"<p>Direction Amiens pour visiter ce march\u00e9 de No\u00ebl r\u00e9put\u00e9 et au final beaucoup de satisfactions parmi les 100 personnes\u00a0 qui ont particip\u00e9 \u00e0 cette excursion. Des nombreux chalets, une patinoire, une grande roue, tout \u00e9tait vraiment r\u00e9uni sans oublier la &hellip; <a href=\"https:\/\/www.comitenervo.fr\/?p=4548\">Continuer la lecture <span class=\"meta-nav\">&rarr;<\/span><\/a><\/p>\n","protected":false},"author":2,"featured_media":0,"comment_status":"open","ping_status":"open","sticky":false,"template":"","format":"standard","meta":{"_monsterinsights_skip_tracking":false,"_monsterinsights_sitenote_active":false,"_monsterinsights_sitenote_note":"","_monsterinsights_sitenote_category":0,"ngg_post_thumbnail":0,"footnotes":""},"categories":[9,8],"tags":[],"class_list":["post-4548","post","type-post","status-publish","format-standard","hentry","category-evenement","category-voyage"],"_links":{"self":[{"href":"https:\/\/www.comitenervo.fr\/index.php?rest_route=\/wp\/v2\/posts\/4548","targetHints":{"allow":["GET"]}}],"collection":[{"href":"https:\/\/www.comitenervo.fr\/index.php?rest_route=\/wp\/v2\/posts"}],"about":[{"href":"https:\/\/www.comitenervo.fr\/index.php?rest_route=\/wp\/v2\/types\/post"}],"author":[{"embeddable":true,"href":"https:\/\/www.comitenervo.fr\/index.php?rest_route=\/wp\/v2\/users\/2"}],"replies":[{"embeddable":true,"href":"https:\/\/www.comitenervo.fr\/index.php?rest_route=%2Fwp%2Fv2%2Fcomments&post=4548"}],"version-history":[{"count":2,"href":"https:\/\/www.comitenervo.fr\/index.php?rest_route=\/wp\/v2\/posts\/4548\/revisions"}],"predecessor-version":[{"id":4555,"href":"https:\/\/www.comitenervo.fr\/index.php?rest_route=\/wp\/v2\/posts\/4548\/revisions\/4555"}],"wp:attachment":[{"href":"https:\/\/www.comitenervo.fr\/index.php?rest_route=%2Fwp%2Fv2%2Fmedia&parent=4548"}],"wp:term":[{"taxonomy":"category","embeddable":true,"href":"https:\/\/www.comitenervo.fr\/index.php?rest_route=%2Fwp%2Fv2%2Fcategories&post=4548"},{"taxonomy":"post_tag","embeddable":true,"href":"https:\/\/www.comitenervo.fr\/index.php?rest_route=%2Fwp%2Fv2%2Ftags&post=4548"}],"curies":[{"name":"wp","href":"https:\/\/api.w.org\/{rel}","templated":true}]}}