{"id":4196,"date":"2016-11-13T16:41:03","date_gmt":"2016-11-13T15:41:03","guid":{"rendered":"https:\/\/www.comitenervo.fr\/?p=4196"},"modified":"2018-10-28T12:18:21","modified_gmt":"2018-10-28T11:18:21","slug":"fete-des-aines-3","status":"publish","type":"post","link":"https:\/\/www.comitenervo.fr\/?p=4196","title":{"rendered":"F\u00caTE DES A\u00ceNES."},"content":{"rendered":"<p>C&rsquo;est encore se r\u00e9p\u00e9ter, mais\u00a0 succ\u00e8s complet pour la f\u00eate des a\u00een\u00e9s.<\/p>\n<p>Merci donc \u00e0 Marie-Laure et ses musiciens, merci aux b\u00e9n\u00e9voles ,merci aux participants et rendez-vous \u00e0 tous en 2017 !!!!!!!<\/p>\n<div id=\"attachment_4197\" style=\"width: 310px\" class=\"wp-caption alignleft\"><a href=\"https:\/\/www.comitenervo.fr\/wp-content\/uploads\/2016\/11\/hazard-aines16.jpg\"><img loading=\"lazy\" decoding=\"async\" aria-describedby=\"caption-attachment-4197\" class=\"size-medium wp-image-4197\" src=\"https:\/\/www.comitenervo.fr\/wp-content\/uploads\/2016\/11\/hazard-aines16-300x225.jpg\" alt=\"Jean ,toujours pr\u00e9sent.\" width=\"300\" height=\"225\" srcset=\"https:\/\/www.comitenervo.fr\/wp-content\/uploads\/2016\/11\/hazard-aines16-300x225.jpg 300w, https:\/\/www.comitenervo.fr\/wp-content\/uploads\/2016\/11\/hazard-aines16-768x576.jpg 768w, https:\/\/www.comitenervo.fr\/wp-content\/uploads\/2016\/11\/hazard-aines16-1024x768.jpg 1024w, https:\/\/www.comitenervo.fr\/wp-content\/uploads\/2016\/11\/hazard-aines16-150x113.jpg 150w, https:\/\/www.comitenervo.fr\/wp-content\/uploads\/2016\/11\/hazard-aines16-400x300.jpg 400w\" sizes=\"auto, (max-width: 300px) 100vw, 300px\" \/><\/a><p id=\"caption-attachment-4197\" class=\"wp-caption-text\">Jean ,toujours pr\u00e9sent.<\/p><\/div>\n<div id=\"attachment_4198\" style=\"width: 310px\" class=\"wp-caption alignright\"><a href=\"https:\/\/www.comitenervo.fr\/wp-content\/uploads\/2016\/11\/blanquart16.jpg\"><img loading=\"lazy\" decoding=\"async\" aria-describedby=\"caption-attachment-4198\" class=\"size-medium wp-image-4198\" src=\"https:\/\/www.comitenervo.fr\/wp-content\/uploads\/2016\/11\/blanquart16-300x225.jpg\" alt=\"Annie, quelle danseuse !!!!\" width=\"300\" height=\"225\" srcset=\"https:\/\/www.comitenervo.fr\/wp-content\/uploads\/2016\/11\/blanquart16-300x225.jpg 300w, https:\/\/www.comitenervo.fr\/wp-content\/uploads\/2016\/11\/blanquart16-768x576.jpg 768w, https:\/\/www.comitenervo.fr\/wp-content\/uploads\/2016\/11\/blanquart16-1024x768.jpg 1024w, https:\/\/www.comitenervo.fr\/wp-content\/uploads\/2016\/11\/blanquart16-150x113.jpg 150w, https:\/\/www.comitenervo.fr\/wp-content\/uploads\/2016\/11\/blanquart16-400x300.jpg 400w\" sizes=\"auto, (max-width: 300px) 100vw, 300px\" \/><\/a><p id=\"caption-attachment-4198\" class=\"wp-caption-text\">Annie, quelle danseuse !!!!<\/p><\/div>\n","protected":false},"excerpt":{"rendered":"<p>C&rsquo;est encore se r\u00e9p\u00e9ter, mais\u00a0 succ\u00e8s complet pour la f\u00eate des a\u00een\u00e9s. Merci donc \u00e0 Marie-Laure et ses musiciens, merci aux b\u00e9n\u00e9voles ,merci aux participants et rendez-vous \u00e0 tous en 2017 !!!!!!!<\/p>\n","protected":false},"author":2,"featured_media":0,"comment_status":"open","ping_status":"open","sticky":false,"template":"","format":"standard","meta":{"_monsterinsights_skip_tracking":false,"_monsterinsights_sitenote_active":false,"_monsterinsights_sitenote_note":"","_monsterinsights_sitenote_category":0,"ngg_post_thumbnail":0,"footnotes":""},"categories":[7,9],"tags":[],"class_list":["post-4196","post","type-post","status-publish","format-standard","hentry","category-anciens-de-la-cite","category-evenement"],"_links":{"self":[{"href":"https:\/\/www.comitenervo.fr\/index.php?rest_route=\/wp\/v2\/posts\/4196","targetHints":{"allow":["GET"]}}],"collection":[{"href":"https:\/\/www.comitenervo.fr\/index.php?rest_route=\/wp\/v2\/posts"}],"about":[{"href":"https:\/\/www.comitenervo.fr\/index.php?rest_route=\/wp\/v2\/types\/post"}],"author":[{"embeddable":true,"href":"https:\/\/www.comitenervo.fr\/index.php?rest_route=\/wp\/v2\/users\/2"}],"replies":[{"embeddable":true,"href":"https:\/\/www.comitenervo.fr\/index.php?rest_route=%2Fwp%2Fv2%2Fcomments&post=4196"}],"version-history":[{"count":2,"href":"https:\/\/www.comitenervo.fr\/index.php?rest_route=\/wp\/v2\/posts\/4196\/revisions"}],"predecessor-version":[{"id":4200,"href":"https:\/\/www.comitenervo.fr\/index.php?rest_route=\/wp\/v2\/posts\/4196\/revisions\/4200"}],"wp:attachment":[{"href":"https:\/\/www.comitenervo.fr\/index.php?rest_route=%2Fwp%2Fv2%2Fmedia&parent=4196"}],"wp:term":[{"taxonomy":"category","embeddable":true,"href":"https:\/\/www.comitenervo.fr\/index.php?rest_route=%2Fwp%2Fv2%2Fcategories&post=4196"},{"taxonomy":"post_tag","embeddable":true,"href":"https:\/\/www.comitenervo.fr\/index.php?rest_route=%2Fwp%2Fv2%2Ftags&post=4196"}],"curies":[{"name":"wp","href":"https:\/\/api.w.org\/{rel}","templated":true}]}}