{"id":4190,"date":"2016-11-13T16:23:54","date_gmt":"2016-11-13T15:23:54","guid":{"rendered":"https:\/\/www.comitenervo.fr\/?p=4190"},"modified":"2018-10-28T12:18:09","modified_gmt":"2018-10-28T11:18:09","slug":"solidarite-entre-associations","status":"publish","type":"post","link":"https:\/\/www.comitenervo.fr\/?p=4190","title":{"rendered":"SOLIDARIT\u00c9  ENTRE  ASSOCIATIONS."},"content":{"rendered":"<p>Daniel Wuilbeaux avait r\u00e9pondu favorablement \u00e0 la demande d&rsquo;Alain Pierchon,\u00a0 responsable de l&rsquo;association VTT, pour le pr\u00eat d&rsquo;un chapiteau \u00e0 l&rsquo;occasion de la course des mineurs.<\/p>\n<p>Entre personnes de bonnes volont\u00e9s !!!!!!!!<\/p>\n<div id=\"attachment_4192\" style=\"width: 310px\" class=\"wp-caption alignright\"><a href=\"https:\/\/www.comitenervo.fr\/wp-content\/uploads\/2016\/11\/chapiteauvtt.jpg\"><img loading=\"lazy\" decoding=\"async\" aria-describedby=\"caption-attachment-4192\" class=\"size-medium wp-image-4192\" src=\"https:\/\/www.comitenervo.fr\/wp-content\/uploads\/2016\/11\/chapiteauvtt-300x225.jpg\" alt=\"Stand de ravitaillement.\" width=\"300\" height=\"225\" srcset=\"https:\/\/www.comitenervo.fr\/wp-content\/uploads\/2016\/11\/chapiteauvtt-300x225.jpg 300w, https:\/\/www.comitenervo.fr\/wp-content\/uploads\/2016\/11\/chapiteauvtt-768x576.jpg 768w, https:\/\/www.comitenervo.fr\/wp-content\/uploads\/2016\/11\/chapiteauvtt-1024x768.jpg 1024w, https:\/\/www.comitenervo.fr\/wp-content\/uploads\/2016\/11\/chapiteauvtt-150x113.jpg 150w, https:\/\/www.comitenervo.fr\/wp-content\/uploads\/2016\/11\/chapiteauvtt-400x300.jpg 400w\" sizes=\"auto, (max-width: 300px) 100vw, 300px\" \/><\/a><p id=\"caption-attachment-4192\" class=\"wp-caption-text\">Stand de ravitaillement \u00e0\u00a0 \u00ab\u00a0Schneider\u00a0\u00bb.<\/p><\/div>\n<div id=\"attachment_4191\" style=\"width: 310px\" class=\"wp-caption alignleft\"><a href=\"https:\/\/www.comitenervo.fr\/wp-content\/uploads\/2016\/11\/personalites-vtt.jpg\"><img loading=\"lazy\" decoding=\"async\" aria-describedby=\"caption-attachment-4191\" class=\"size-medium wp-image-4191\" src=\"https:\/\/www.comitenervo.fr\/wp-content\/uploads\/2016\/11\/personalites-vtt-300x225.jpg\" alt=\"Alain ,et les personnalit\u00e9s.\" width=\"300\" height=\"225\" srcset=\"https:\/\/www.comitenervo.fr\/wp-content\/uploads\/2016\/11\/personalites-vtt-300x225.jpg 300w, https:\/\/www.comitenervo.fr\/wp-content\/uploads\/2016\/11\/personalites-vtt-768x576.jpg 768w, https:\/\/www.comitenervo.fr\/wp-content\/uploads\/2016\/11\/personalites-vtt-1024x768.jpg 1024w, https:\/\/www.comitenervo.fr\/wp-content\/uploads\/2016\/11\/personalites-vtt-150x113.jpg 150w, https:\/\/www.comitenervo.fr\/wp-content\/uploads\/2016\/11\/personalites-vtt-400x300.jpg 400w\" sizes=\"auto, (max-width: 300px) 100vw, 300px\" \/><\/a><p id=\"caption-attachment-4191\" class=\"wp-caption-text\">Alain , et les personnalit\u00e9s escaudinoises.<\/p><\/div>\n","protected":false},"excerpt":{"rendered":"<p>Daniel Wuilbeaux avait r\u00e9pondu favorablement \u00e0 la demande d&rsquo;Alain Pierchon,\u00a0 responsable de l&rsquo;association VTT, pour le pr\u00eat d&rsquo;un chapiteau \u00e0 l&rsquo;occasion de la course des mineurs. Entre personnes de bonnes volont\u00e9s !!!!!!!!<\/p>\n","protected":false},"author":2,"featured_media":0,"comment_status":"open","ping_status":"open","sticky":false,"template":"","format":"standard","meta":{"_monsterinsights_skip_tracking":false,"_monsterinsights_sitenote_active":false,"_monsterinsights_sitenote_note":"","_monsterinsights_sitenote_category":0,"ngg_post_thumbnail":0,"footnotes":""},"categories":[6],"tags":[],"class_list":["post-4190","post","type-post","status-publish","format-standard","hentry","category-vie-de-la-cite"],"_links":{"self":[{"href":"https:\/\/www.comitenervo.fr\/index.php?rest_route=\/wp\/v2\/posts\/4190","targetHints":{"allow":["GET"]}}],"collection":[{"href":"https:\/\/www.comitenervo.fr\/index.php?rest_route=\/wp\/v2\/posts"}],"about":[{"href":"https:\/\/www.comitenervo.fr\/index.php?rest_route=\/wp\/v2\/types\/post"}],"author":[{"embeddable":true,"href":"https:\/\/www.comitenervo.fr\/index.php?rest_route=\/wp\/v2\/users\/2"}],"replies":[{"embeddable":true,"href":"https:\/\/www.comitenervo.fr\/index.php?rest_route=%2Fwp%2Fv2%2Fcomments&post=4190"}],"version-history":[{"count":2,"href":"https:\/\/www.comitenervo.fr\/index.php?rest_route=\/wp\/v2\/posts\/4190\/revisions"}],"predecessor-version":[{"id":4194,"href":"https:\/\/www.comitenervo.fr\/index.php?rest_route=\/wp\/v2\/posts\/4190\/revisions\/4194"}],"wp:attachment":[{"href":"https:\/\/www.comitenervo.fr\/index.php?rest_route=%2Fwp%2Fv2%2Fmedia&parent=4190"}],"wp:term":[{"taxonomy":"category","embeddable":true,"href":"https:\/\/www.comitenervo.fr\/index.php?rest_route=%2Fwp%2Fv2%2Fcategories&post=4190"},{"taxonomy":"post_tag","embeddable":true,"href":"https:\/\/www.comitenervo.fr\/index.php?rest_route=%2Fwp%2Fv2%2Ftags&post=4190"}],"curies":[{"name":"wp","href":"https:\/\/api.w.org\/{rel}","templated":true}]}}