{"id":4150,"date":"2016-09-30T22:23:51","date_gmt":"2016-09-30T20:23:51","guid":{"rendered":"https:\/\/www.comitenervo.fr\/?p=4150"},"modified":"2018-10-28T12:17:13","modified_gmt":"2018-10-28T11:17:13","slug":"bal-country-4","status":"publish","type":"post","link":"https:\/\/www.comitenervo.fr\/?p=4150","title":{"rendered":"BAL COUNTRY;"},"content":{"rendered":"<p>Toujours en partenariat avec le basket f\u00e9minin, le bal country aura lieu le samedi 12 novembre 2016 \u00e0 partir de 19h00 \u00e0 la salle de la Jeunesse.<\/p>\n<p>Renseignements au 06\/70\/34\/90\/33 et 06\/82\/30\/68\/80<\/p>\n<p><a href=\"https:\/\/www.comitenervo.fr\/wp-content\/uploads\/2016\/09\/COUNTRY2016.jpg\"><img loading=\"lazy\" decoding=\"async\" class=\"aligncenter size-medium wp-image-4151\" src=\"https:\/\/www.comitenervo.fr\/wp-content\/uploads\/2016\/09\/COUNTRY2016-214x300.jpg\" alt=\"country2016\" width=\"214\" height=\"300\" srcset=\"https:\/\/www.comitenervo.fr\/wp-content\/uploads\/2016\/09\/COUNTRY2016-214x300.jpg 214w, https:\/\/www.comitenervo.fr\/wp-content\/uploads\/2016\/09\/COUNTRY2016-768x1076.jpg 768w, https:\/\/www.comitenervo.fr\/wp-content\/uploads\/2016\/09\/COUNTRY2016-731x1024.jpg 731w, https:\/\/www.comitenervo.fr\/wp-content\/uploads\/2016\/09\/COUNTRY2016-107x150.jpg 107w, https:\/\/www.comitenervo.fr\/wp-content\/uploads\/2016\/09\/COUNTRY2016-400x561.jpg 400w, https:\/\/www.comitenervo.fr\/wp-content\/uploads\/2016\/09\/COUNTRY2016.jpg 832w\" sizes=\"auto, (max-width: 214px) 100vw, 214px\" \/><\/a><\/p>\n","protected":false},"excerpt":{"rendered":"<p>Toujours en partenariat avec le basket f\u00e9minin, le bal country aura lieu le samedi 12 novembre 2016 \u00e0 partir de 19h00 \u00e0 la salle de la Jeunesse. Renseignements au 06\/70\/34\/90\/33 et 06\/82\/30\/68\/80<\/p>\n","protected":false},"author":2,"featured_media":0,"comment_status":"open","ping_status":"open","sticky":false,"template":"","format":"standard","meta":{"_monsterinsights_skip_tracking":false,"_monsterinsights_sitenote_active":false,"_monsterinsights_sitenote_note":"","_monsterinsights_sitenote_category":0,"ngg_post_thumbnail":0,"footnotes":""},"categories":[9],"tags":[],"class_list":["post-4150","post","type-post","status-publish","format-standard","hentry","category-evenement"],"_links":{"self":[{"href":"https:\/\/www.comitenervo.fr\/index.php?rest_route=\/wp\/v2\/posts\/4150","targetHints":{"allow":["GET"]}}],"collection":[{"href":"https:\/\/www.comitenervo.fr\/index.php?rest_route=\/wp\/v2\/posts"}],"about":[{"href":"https:\/\/www.comitenervo.fr\/index.php?rest_route=\/wp\/v2\/types\/post"}],"author":[{"embeddable":true,"href":"https:\/\/www.comitenervo.fr\/index.php?rest_route=\/wp\/v2\/users\/2"}],"replies":[{"embeddable":true,"href":"https:\/\/www.comitenervo.fr\/index.php?rest_route=%2Fwp%2Fv2%2Fcomments&post=4150"}],"version-history":[{"count":1,"href":"https:\/\/www.comitenervo.fr\/index.php?rest_route=\/wp\/v2\/posts\/4150\/revisions"}],"predecessor-version":[{"id":4152,"href":"https:\/\/www.comitenervo.fr\/index.php?rest_route=\/wp\/v2\/posts\/4150\/revisions\/4152"}],"wp:attachment":[{"href":"https:\/\/www.comitenervo.fr\/index.php?rest_route=%2Fwp%2Fv2%2Fmedia&parent=4150"}],"wp:term":[{"taxonomy":"category","embeddable":true,"href":"https:\/\/www.comitenervo.fr\/index.php?rest_route=%2Fwp%2Fv2%2Fcategories&post=4150"},{"taxonomy":"post_tag","embeddable":true,"href":"https:\/\/www.comitenervo.fr\/index.php?rest_route=%2Fwp%2Fv2%2Ftags&post=4150"}],"curies":[{"name":"wp","href":"https:\/\/api.w.org\/{rel}","templated":true}]}}