{"id":4146,"date":"2016-09-30T22:18:22","date_gmt":"2016-09-30T20:18:22","guid":{"rendered":"https:\/\/www.comitenervo.fr\/?p=4146"},"modified":"2018-10-28T12:17:08","modified_gmt":"2018-10-28T11:17:08","slug":"fete-des-aines-2016","status":"publish","type":"post","link":"https:\/\/www.comitenervo.fr\/?p=4146","title":{"rendered":"F\u00caTE DES A\u00ceN\u00c9S 2016."},"content":{"rendered":"<p>La traditionnelle f\u00eate des a\u00een\u00e9s aura lieu le mercredi 9 novembre 2016 \u00e0 la salle de la Jeunesse et sera anim\u00e9e par l&rsquo;orchestre \u00ab\u00a0Les Wizards\u00a0\u00bb.<\/p>\n<p>Renseignements au 03\/27\/31\/75\/58;<\/p>\n<div id=\"attachment_4148\" style=\"width: 223px\" class=\"wp-caption alignright\"><a href=\"https:\/\/www.comitenervo.fr\/wp-content\/uploads\/2016\/09\/afficheain\u00e9s16.jpg\"><img loading=\"lazy\" decoding=\"async\" aria-describedby=\"caption-attachment-4148\" class=\"size-medium wp-image-4148\" src=\"https:\/\/www.comitenervo.fr\/wp-content\/uploads\/2016\/09\/afficheain\u00e9s16-213x300.jpg\" alt=\"Les Wizards\" width=\"213\" height=\"300\" srcset=\"https:\/\/www.comitenervo.fr\/wp-content\/uploads\/2016\/09\/afficheain\u00e9s16-213x300.jpg 213w, https:\/\/www.comitenervo.fr\/wp-content\/uploads\/2016\/09\/afficheain\u00e9s16-768x1084.jpg 768w, https:\/\/www.comitenervo.fr\/wp-content\/uploads\/2016\/09\/afficheain\u00e9s16-725x1024.jpg 725w, https:\/\/www.comitenervo.fr\/wp-content\/uploads\/2016\/09\/afficheain\u00e9s16-106x150.jpg 106w, https:\/\/www.comitenervo.fr\/wp-content\/uploads\/2016\/09\/afficheain\u00e9s16-400x565.jpg 400w, https:\/\/www.comitenervo.fr\/wp-content\/uploads\/2016\/09\/afficheain\u00e9s16.jpg 816w\" sizes=\"auto, (max-width: 213px) 100vw, 213px\" \/><\/a><p id=\"caption-attachment-4148\" class=\"wp-caption-text\">Les Wizards<\/p><\/div>\n<div id=\"attachment_4147\" style=\"width: 310px\" class=\"wp-caption alignleft\"><a href=\"https:\/\/www.comitenervo.fr\/wp-content\/uploads\/2016\/09\/inscriptionain\u00e9s16.jpg\"><img loading=\"lazy\" decoding=\"async\" aria-describedby=\"caption-attachment-4147\" class=\"size-medium wp-image-4147\" src=\"https:\/\/www.comitenervo.fr\/wp-content\/uploads\/2016\/09\/inscriptionain\u00e9s16-300x214.jpg\" alt=\"Imprim\u00e9 d'inscription.\" width=\"300\" height=\"214\" srcset=\"https:\/\/www.comitenervo.fr\/wp-content\/uploads\/2016\/09\/inscriptionain\u00e9s16-300x214.jpg 300w, https:\/\/www.comitenervo.fr\/wp-content\/uploads\/2016\/09\/inscriptionain\u00e9s16-768x549.jpg 768w, https:\/\/www.comitenervo.fr\/wp-content\/uploads\/2016\/09\/inscriptionain\u00e9s16-150x107.jpg 150w, https:\/\/www.comitenervo.fr\/wp-content\/uploads\/2016\/09\/inscriptionain\u00e9s16-400x286.jpg 400w, https:\/\/www.comitenervo.fr\/wp-content\/uploads\/2016\/09\/inscriptionain\u00e9s16.jpg 784w\" sizes=\"auto, (max-width: 300px) 100vw, 300px\" \/><\/a><p id=\"caption-attachment-4147\" class=\"wp-caption-text\">Imprim\u00e9 d&rsquo;inscription.<\/p><\/div>\n","protected":false},"excerpt":{"rendered":"<p>La traditionnelle f\u00eate des a\u00een\u00e9s aura lieu le mercredi 9 novembre 2016 \u00e0 la salle de la Jeunesse et sera anim\u00e9e par l&rsquo;orchestre \u00ab\u00a0Les Wizards\u00a0\u00bb. Renseignements au 03\/27\/31\/75\/58;<\/p>\n","protected":false},"author":2,"featured_media":0,"comment_status":"open","ping_status":"open","sticky":false,"template":"","format":"standard","meta":{"_monsterinsights_skip_tracking":false,"_monsterinsights_sitenote_active":false,"_monsterinsights_sitenote_note":"","_monsterinsights_sitenote_category":0,"ngg_post_thumbnail":0,"footnotes":""},"categories":[7,9],"tags":[],"class_list":["post-4146","post","type-post","status-publish","format-standard","hentry","category-anciens-de-la-cite","category-evenement"],"_links":{"self":[{"href":"https:\/\/www.comitenervo.fr\/index.php?rest_route=\/wp\/v2\/posts\/4146","targetHints":{"allow":["GET"]}}],"collection":[{"href":"https:\/\/www.comitenervo.fr\/index.php?rest_route=\/wp\/v2\/posts"}],"about":[{"href":"https:\/\/www.comitenervo.fr\/index.php?rest_route=\/wp\/v2\/types\/post"}],"author":[{"embeddable":true,"href":"https:\/\/www.comitenervo.fr\/index.php?rest_route=\/wp\/v2\/users\/2"}],"replies":[{"embeddable":true,"href":"https:\/\/www.comitenervo.fr\/index.php?rest_route=%2Fwp%2Fv2%2Fcomments&post=4146"}],"version-history":[{"count":1,"href":"https:\/\/www.comitenervo.fr\/index.php?rest_route=\/wp\/v2\/posts\/4146\/revisions"}],"predecessor-version":[{"id":4149,"href":"https:\/\/www.comitenervo.fr\/index.php?rest_route=\/wp\/v2\/posts\/4146\/revisions\/4149"}],"wp:attachment":[{"href":"https:\/\/www.comitenervo.fr\/index.php?rest_route=%2Fwp%2Fv2%2Fmedia&parent=4146"}],"wp:term":[{"taxonomy":"category","embeddable":true,"href":"https:\/\/www.comitenervo.fr\/index.php?rest_route=%2Fwp%2Fv2%2Fcategories&post=4146"},{"taxonomy":"post_tag","embeddable":true,"href":"https:\/\/www.comitenervo.fr\/index.php?rest_route=%2Fwp%2Fv2%2Ftags&post=4146"}],"curies":[{"name":"wp","href":"https:\/\/api.w.org\/{rel}","templated":true}]}}