{"id":4131,"date":"2016-09-29T21:31:53","date_gmt":"2016-09-29T19:31:53","guid":{"rendered":"https:\/\/www.comitenervo.fr\/?p=4131"},"modified":"2018-10-28T12:16:56","modified_gmt":"2018-10-28T11:16:56","slug":"escaudain-du-toit","status":"publish","type":"post","link":"https:\/\/www.comitenervo.fr\/?p=4131","title":{"rendered":"ESCAUDAIN \u00ab\u00a0DU TOIT\u00a0\u00bb ."},"content":{"rendered":"<p>A la mani\u00e8re du magasine du foyer la\u00efque, voici quelques photos prises \u00ab\u00a0d&rsquo;un toit\u00a0\u00bb<\/p>\n<div id=\"attachment_4137\" style=\"width: 160px\" class=\"wp-caption alignright\"><a href=\"https:\/\/www.comitenervo.fr\/wp-content\/uploads\/2016\/09\/P1020712-1.jpg\"><img loading=\"lazy\" decoding=\"async\" aria-describedby=\"caption-attachment-4137\" class=\"size-thumbnail wp-image-4137\" src=\"https:\/\/www.comitenervo.fr\/wp-content\/uploads\/2016\/09\/P1020712-1-150x150.jpg\" alt=\"C\u00f4t\u00e9 all\u00e9e Amp\u00e8re\" width=\"150\" height=\"150\" \/><\/a><p id=\"caption-attachment-4137\" class=\"wp-caption-text\">C\u00f4t\u00e9 all\u00e9e Amp\u00e8re<\/p><\/div>\n<div id=\"attachment_4134\" style=\"width: 160px\" class=\"wp-caption alignright\"><a href=\"https:\/\/www.comitenervo.fr\/wp-content\/uploads\/2016\/09\/P1020713.jpg\"><img loading=\"lazy\" decoding=\"async\" aria-describedby=\"caption-attachment-4134\" class=\"size-thumbnail wp-image-4134\" src=\"https:\/\/www.comitenervo.fr\/wp-content\/uploads\/2016\/09\/P1020713-150x150.jpg\" alt=\"C\u00f4t\u00e9 all\u00e9e Nervo.\" width=\"150\" height=\"150\" \/><\/a><p id=\"caption-attachment-4134\" class=\"wp-caption-text\">C\u00f4t\u00e9 all\u00e9e Nervo.<\/p><\/div>\n<div id=\"attachment_4132\" style=\"width: 160px\" class=\"wp-caption alignright\"><a href=\"https:\/\/www.comitenervo.fr\/wp-content\/uploads\/2016\/09\/P1020711.jpg\"><img loading=\"lazy\" decoding=\"async\" aria-describedby=\"caption-attachment-4132\" class=\"size-thumbnail wp-image-4132\" src=\"https:\/\/www.comitenervo.fr\/wp-content\/uploads\/2016\/09\/P1020711-150x150.jpg\" alt=\"C\u00f4t\u00e9 parc.\" width=\"150\" height=\"150\" \/><\/a><p id=\"caption-attachment-4132\" class=\"wp-caption-text\">C\u00f4t\u00e9 parc.<\/p><\/div>\n<div id=\"attachment_4135\" style=\"width: 160px\" class=\"wp-caption alignleft\"><a href=\"https:\/\/www.comitenervo.fr\/wp-content\/uploads\/2016\/09\/P1020714.jpg\"><img loading=\"lazy\" decoding=\"async\" aria-describedby=\"caption-attachment-4135\" class=\"size-thumbnail wp-image-4135\" src=\"https:\/\/www.comitenervo.fr\/wp-content\/uploads\/2016\/09\/P1020714-150x150.jpg\" alt=\"C\u00f4t\u00e9 all\u00e9e Branly\" width=\"150\" height=\"150\" \/><\/a><p id=\"caption-attachment-4135\" class=\"wp-caption-text\">C\u00f4t\u00e9 all\u00e9e Branly<\/p><\/div>\n<div id=\"attachment_4136\" style=\"width: 160px\" class=\"wp-caption alignright\"><a href=\"https:\/\/www.comitenervo.fr\/wp-content\/uploads\/2016\/09\/P1020715.jpg\"><img loading=\"lazy\" decoding=\"async\" aria-describedby=\"caption-attachment-4136\" class=\"size-thumbnail wp-image-4136\" src=\"https:\/\/www.comitenervo.fr\/wp-content\/uploads\/2016\/09\/P1020715-150x150.jpg\" alt=\"C\u00f4t\u00e9 jardins\" width=\"150\" height=\"150\" \/><\/a><p id=\"caption-attachment-4136\" class=\"wp-caption-text\">C\u00f4t\u00e9 jardins<\/p><\/div>\n<div id=\"attachment_4141\" style=\"width: 160px\" class=\"wp-caption alignleft\"><a href=\"https:\/\/www.comitenervo.fr\/wp-content\/uploads\/2016\/09\/P1020719.jpg\"><img loading=\"lazy\" decoding=\"async\" aria-describedby=\"caption-attachment-4141\" class=\"size-thumbnail wp-image-4141\" src=\"https:\/\/www.comitenervo.fr\/wp-content\/uploads\/2016\/09\/P1020719-150x150.jpg\" alt=\"C'est haut,hein !!!!\" width=\"150\" height=\"150\" \/><\/a><p id=\"caption-attachment-4141\" class=\"wp-caption-text\">C&rsquo;est haut,hein !!!!<\/p><\/div>\n","protected":false},"excerpt":{"rendered":"<p>A la mani\u00e8re du magasine du foyer la\u00efque, voici quelques photos prises \u00ab\u00a0d&rsquo;un toit\u00a0\u00bb<\/p>\n","protected":false},"author":2,"featured_media":0,"comment_status":"open","ping_status":"open","sticky":false,"template":"","format":"standard","meta":{"_monsterinsights_skip_tracking":false,"_monsterinsights_sitenote_active":false,"_monsterinsights_sitenote_note":"","_monsterinsights_sitenote_category":0,"ngg_post_thumbnail":0,"footnotes":""},"categories":[6],"tags":[],"class_list":["post-4131","post","type-post","status-publish","format-standard","hentry","category-vie-de-la-cite"],"_links":{"self":[{"href":"https:\/\/www.comitenervo.fr\/index.php?rest_route=\/wp\/v2\/posts\/4131","targetHints":{"allow":["GET"]}}],"collection":[{"href":"https:\/\/www.comitenervo.fr\/index.php?rest_route=\/wp\/v2\/posts"}],"about":[{"href":"https:\/\/www.comitenervo.fr\/index.php?rest_route=\/wp\/v2\/types\/post"}],"author":[{"embeddable":true,"href":"https:\/\/www.comitenervo.fr\/index.php?rest_route=\/wp\/v2\/users\/2"}],"replies":[{"embeddable":true,"href":"https:\/\/www.comitenervo.fr\/index.php?rest_route=%2Fwp%2Fv2%2Fcomments&post=4131"}],"version-history":[{"count":5,"href":"https:\/\/www.comitenervo.fr\/index.php?rest_route=\/wp\/v2\/posts\/4131\/revisions"}],"predecessor-version":[{"id":4143,"href":"https:\/\/www.comitenervo.fr\/index.php?rest_route=\/wp\/v2\/posts\/4131\/revisions\/4143"}],"wp:attachment":[{"href":"https:\/\/www.comitenervo.fr\/index.php?rest_route=%2Fwp%2Fv2%2Fmedia&parent=4131"}],"wp:term":[{"taxonomy":"category","embeddable":true,"href":"https:\/\/www.comitenervo.fr\/index.php?rest_route=%2Fwp%2Fv2%2Fcategories&post=4131"},{"taxonomy":"post_tag","embeddable":true,"href":"https:\/\/www.comitenervo.fr\/index.php?rest_route=%2Fwp%2Fv2%2Ftags&post=4131"}],"curies":[{"name":"wp","href":"https:\/\/api.w.org\/{rel}","templated":true}]}}