{"id":3810,"date":"2016-06-29T23:16:04","date_gmt":"2016-06-29T21:16:04","guid":{"rendered":"https:\/\/www.comitenervo.fr\/?p=3810"},"modified":"2018-10-28T12:15:20","modified_gmt":"2018-10-28T11:15:20","slug":"atelier-feminin-cote-cuisine","status":"publish","type":"post","link":"https:\/\/www.comitenervo.fr\/?p=3810","title":{"rendered":"ATELIER F\u00c9MININ: C\u00d4TE CUISINE."},"content":{"rendered":"<p>Sous l&rsquo;impulsion de Ga\u00ebtane Milli\u00e9 , Jocelyne Ruffin et Christianne Dhaussy, une vingtaine de dames du quartier fr\u00e9quente le local ,le mercredi apr\u00e8s-midi.<\/p>\n<p>Une fois par mois, \u00ab\u00a0elles\u00a0\u00bb ont d\u00e9cid\u00e9 de pr\u00e9parer un petit repas.<\/p>\n<p><strong>Vraiment<\/strong>, \u00e7a marche.<\/p>\n<div id=\"attachment_3811\" style=\"width: 235px\" class=\"wp-caption aligncenter\"><a href=\"https:\/\/www.comitenervo.fr\/?attachment_id=3811\" rel=\"attachment wp-att-3811\"><img loading=\"lazy\" decoding=\"async\" aria-describedby=\"caption-attachment-3811\" class=\"size-medium wp-image-3811\" src=\"https:\/\/www.comitenervo.fr\/wp-content\/uploads\/2016\/06\/P1020504-225x300.jpg\" alt=\"Lors du repas.\" width=\"225\" height=\"300\" srcset=\"https:\/\/www.comitenervo.fr\/wp-content\/uploads\/2016\/06\/P1020504-225x300.jpg 225w, https:\/\/www.comitenervo.fr\/wp-content\/uploads\/2016\/06\/P1020504-768x1024.jpg 768w, https:\/\/www.comitenervo.fr\/wp-content\/uploads\/2016\/06\/P1020504-113x150.jpg 113w, https:\/\/www.comitenervo.fr\/wp-content\/uploads\/2016\/06\/P1020504-400x533.jpg 400w\" sizes=\"auto, (max-width: 225px) 100vw, 225px\" \/><\/a><p id=\"caption-attachment-3811\" class=\"wp-caption-text\">Lors du repas.<\/p><\/div>\n","protected":false},"excerpt":{"rendered":"<p>Sous l&rsquo;impulsion de Ga\u00ebtane Milli\u00e9 , Jocelyne Ruffin et Christianne Dhaussy, une vingtaine de dames du quartier fr\u00e9quente le local ,le mercredi apr\u00e8s-midi. Une fois par mois, \u00ab\u00a0elles\u00a0\u00bb ont d\u00e9cid\u00e9 de pr\u00e9parer un petit repas. Vraiment, \u00e7a marche.<\/p>\n","protected":false},"author":2,"featured_media":0,"comment_status":"open","ping_status":"open","sticky":false,"template":"","format":"standard","meta":{"_monsterinsights_skip_tracking":false,"_monsterinsights_sitenote_active":false,"_monsterinsights_sitenote_note":"","_monsterinsights_sitenote_category":0,"ngg_post_thumbnail":0,"footnotes":""},"categories":[6],"tags":[],"class_list":["post-3810","post","type-post","status-publish","format-standard","hentry","category-vie-de-la-cite"],"_links":{"self":[{"href":"https:\/\/www.comitenervo.fr\/index.php?rest_route=\/wp\/v2\/posts\/3810","targetHints":{"allow":["GET"]}}],"collection":[{"href":"https:\/\/www.comitenervo.fr\/index.php?rest_route=\/wp\/v2\/posts"}],"about":[{"href":"https:\/\/www.comitenervo.fr\/index.php?rest_route=\/wp\/v2\/types\/post"}],"author":[{"embeddable":true,"href":"https:\/\/www.comitenervo.fr\/index.php?rest_route=\/wp\/v2\/users\/2"}],"replies":[{"embeddable":true,"href":"https:\/\/www.comitenervo.fr\/index.php?rest_route=%2Fwp%2Fv2%2Fcomments&post=3810"}],"version-history":[{"count":4,"href":"https:\/\/www.comitenervo.fr\/index.php?rest_route=\/wp\/v2\/posts\/3810\/revisions"}],"predecessor-version":[{"id":3816,"href":"https:\/\/www.comitenervo.fr\/index.php?rest_route=\/wp\/v2\/posts\/3810\/revisions\/3816"}],"wp:attachment":[{"href":"https:\/\/www.comitenervo.fr\/index.php?rest_route=%2Fwp%2Fv2%2Fmedia&parent=3810"}],"wp:term":[{"taxonomy":"category","embeddable":true,"href":"https:\/\/www.comitenervo.fr\/index.php?rest_route=%2Fwp%2Fv2%2Fcategories&post=3810"},{"taxonomy":"post_tag","embeddable":true,"href":"https:\/\/www.comitenervo.fr\/index.php?rest_route=%2Fwp%2Fv2%2Ftags&post=3810"}],"curies":[{"name":"wp","href":"https:\/\/api.w.org\/{rel}","templated":true}]}}