{"id":3805,"date":"2016-06-29T22:56:37","date_gmt":"2016-06-29T20:56:37","guid":{"rendered":"https:\/\/www.comitenervo.fr\/?p=3805"},"modified":"2018-10-28T12:15:13","modified_gmt":"2018-10-28T11:15:13","slug":"president-supporter","status":"publish","type":"post","link":"https:\/\/www.comitenervo.fr\/?p=3805","title":{"rendered":"PR\u00c9SIDENT SUPPORTER !!!!!!!"},"content":{"rendered":"<p>La coupe d\u2019Europe de football, disput\u00e9e en France, entra\u00eene une ferveur g\u00e9n\u00e9rale dans notre pays.<\/p>\n<p>Le pr\u00e9sident Daniel Wuilbeaux est un supporter inconditionnel des \u00ab\u00a0bleus\u00a0\u00bb.<\/p>\n<p>La preuve sur ces photos prises\u00a0 apr\u00e8s la victoire de notre s\u00e9lection !!!!!!!<\/p>\n<div id=\"attachment_3806\" style=\"width: 160px\" class=\"wp-caption alignleft\"><a href=\"https:\/\/www.comitenervo.fr\/?attachment_id=3806\" rel=\"attachment wp-att-3806\"><img loading=\"lazy\" decoding=\"async\" aria-describedby=\"caption-attachment-3806\" class=\"size-thumbnail wp-image-3806\" src=\"https:\/\/www.comitenervo.fr\/wp-content\/uploads\/2016\/06\/P1020500-150x150.jpg\" alt=\"Le supporter pr\u00e9sident.\" width=\"150\" height=\"150\" \/><\/a><p id=\"caption-attachment-3806\" class=\"wp-caption-text\">Le supporter pr\u00e9sident.<\/p><\/div>\n<div id=\"attachment_3808\" style=\"width: 160px\" class=\"wp-caption alignright\"><a href=\"https:\/\/www.comitenervo.fr\/?attachment_id=3808\" rel=\"attachment wp-att-3808\"><img loading=\"lazy\" decoding=\"async\" aria-describedby=\"caption-attachment-3808\" class=\"size-thumbnail wp-image-3808\" src=\"https:\/\/www.comitenervo.fr\/wp-content\/uploads\/2016\/06\/P1020501-150x150.jpg\" alt=\"Bleu-blanc-rouge.\" width=\"150\" height=\"150\" \/><\/a><p id=\"caption-attachment-3808\" class=\"wp-caption-text\">Bleu-blanc-rouge.<\/p><\/div>\n","protected":false},"excerpt":{"rendered":"<p>La coupe d\u2019Europe de football, disput\u00e9e en France, entra\u00eene une ferveur g\u00e9n\u00e9rale dans notre pays. Le pr\u00e9sident Daniel Wuilbeaux est un supporter inconditionnel des \u00ab\u00a0bleus\u00a0\u00bb. La preuve sur ces photos prises\u00a0 apr\u00e8s la victoire de notre s\u00e9lection !!!!!!!<\/p>\n","protected":false},"author":2,"featured_media":0,"comment_status":"open","ping_status":"open","sticky":false,"template":"","format":"standard","meta":{"_monsterinsights_skip_tracking":false,"_monsterinsights_sitenote_active":false,"_monsterinsights_sitenote_note":"","_monsterinsights_sitenote_category":0,"ngg_post_thumbnail":0,"footnotes":""},"categories":[10],"tags":[],"class_list":["post-3805","post","type-post","status-publish","format-standard","hentry","category-portrait"],"_links":{"self":[{"href":"https:\/\/www.comitenervo.fr\/index.php?rest_route=\/wp\/v2\/posts\/3805","targetHints":{"allow":["GET"]}}],"collection":[{"href":"https:\/\/www.comitenervo.fr\/index.php?rest_route=\/wp\/v2\/posts"}],"about":[{"href":"https:\/\/www.comitenervo.fr\/index.php?rest_route=\/wp\/v2\/types\/post"}],"author":[{"embeddable":true,"href":"https:\/\/www.comitenervo.fr\/index.php?rest_route=\/wp\/v2\/users\/2"}],"replies":[{"embeddable":true,"href":"https:\/\/www.comitenervo.fr\/index.php?rest_route=%2Fwp%2Fv2%2Fcomments&post=3805"}],"version-history":[{"count":2,"href":"https:\/\/www.comitenervo.fr\/index.php?rest_route=\/wp\/v2\/posts\/3805\/revisions"}],"predecessor-version":[{"id":3809,"href":"https:\/\/www.comitenervo.fr\/index.php?rest_route=\/wp\/v2\/posts\/3805\/revisions\/3809"}],"wp:attachment":[{"href":"https:\/\/www.comitenervo.fr\/index.php?rest_route=%2Fwp%2Fv2%2Fmedia&parent=3805"}],"wp:term":[{"taxonomy":"category","embeddable":true,"href":"https:\/\/www.comitenervo.fr\/index.php?rest_route=%2Fwp%2Fv2%2Fcategories&post=3805"},{"taxonomy":"post_tag","embeddable":true,"href":"https:\/\/www.comitenervo.fr\/index.php?rest_route=%2Fwp%2Fv2%2Ftags&post=3805"}],"curies":[{"name":"wp","href":"https:\/\/api.w.org\/{rel}","templated":true}]}}