{"id":3801,"date":"2016-05-30T09:38:24","date_gmt":"2016-05-30T07:38:24","guid":{"rendered":"https:\/\/www.comitenervo.fr\/?p=3801"},"modified":"2018-10-28T12:15:08","modified_gmt":"2018-10-28T11:15:08","slug":"brocante-inscriptionscest-parti","status":"publish","type":"post","link":"https:\/\/www.comitenervo.fr\/?p=3801","title":{"rendered":"BROCANTE: INSCRIPTIONS,C&rsquo;EST PARTI !!!!"},"content":{"rendered":"<p>La brocante du quartier Nervo est programm\u00e9e, le dimanche 3 juillet de 8h00 \u00e0 17h00, dans les all\u00e9es Nervo, Jordan et R\u00e9aumur.<\/p>\n<p>Les inscriptions seront prises au local, 21 all\u00e9e et cit\u00e9 Nervo, les lundis,<\/p>\n<div id=\"attachment_3802\" style=\"width: 222px\" class=\"wp-caption alignright\"><a href=\"https:\/\/www.comitenervo.fr\/?attachment_id=3802\" rel=\"attachment wp-att-3802\"><img loading=\"lazy\" decoding=\"async\" aria-describedby=\"caption-attachment-3802\" class=\"size-medium wp-image-3802\" src=\"https:\/\/www.comitenervo.fr\/wp-content\/uploads\/2016\/05\/broc.16inscrip-001-212x300.jpg\" alt=\"bulletin d'inscription.\" width=\"212\" height=\"300\" srcset=\"https:\/\/www.comitenervo.fr\/wp-content\/uploads\/2016\/05\/broc.16inscrip-001-212x300.jpg 212w, https:\/\/www.comitenervo.fr\/wp-content\/uploads\/2016\/05\/broc.16inscrip-001.jpg 768w, https:\/\/www.comitenervo.fr\/wp-content\/uploads\/2016\/05\/broc.16inscrip-001-723x1024.jpg 723w, https:\/\/www.comitenervo.fr\/wp-content\/uploads\/2016\/05\/broc.16inscrip-001-106x150.jpg 106w, https:\/\/www.comitenervo.fr\/wp-content\/uploads\/2016\/05\/broc.16inscrip-001-400x567.jpg 400w\" sizes=\"auto, (max-width: 212px) 100vw, 212px\" \/><\/a><p id=\"caption-attachment-3802\" class=\"wp-caption-text\">bulletin d&rsquo;inscription.<\/p><\/div>\n<p>mercredis de 15h00 \u00e0 18h00 et le samedi de 10h00 \u00e0 12h00.<\/p>\n","protected":false},"excerpt":{"rendered":"<p>La brocante du quartier Nervo est programm\u00e9e, le dimanche 3 juillet de 8h00 \u00e0 17h00, dans les all\u00e9es Nervo, Jordan et R\u00e9aumur. Les inscriptions seront prises au local, 21 all\u00e9e et cit\u00e9 Nervo, les lundis, mercredis de 15h00 \u00e0 18h00 &hellip; <a href=\"https:\/\/www.comitenervo.fr\/?p=3801\">Continuer la lecture <span class=\"meta-nav\">&rarr;<\/span><\/a><\/p>\n","protected":false},"author":2,"featured_media":0,"comment_status":"open","ping_status":"open","sticky":false,"template":"","format":"standard","meta":{"_monsterinsights_skip_tracking":false,"_monsterinsights_sitenote_active":false,"_monsterinsights_sitenote_note":"","_monsterinsights_sitenote_category":0,"ngg_post_thumbnail":0,"footnotes":""},"categories":[9],"tags":[],"class_list":["post-3801","post","type-post","status-publish","format-standard","hentry","category-evenement"],"_links":{"self":[{"href":"https:\/\/www.comitenervo.fr\/index.php?rest_route=\/wp\/v2\/posts\/3801","targetHints":{"allow":["GET"]}}],"collection":[{"href":"https:\/\/www.comitenervo.fr\/index.php?rest_route=\/wp\/v2\/posts"}],"about":[{"href":"https:\/\/www.comitenervo.fr\/index.php?rest_route=\/wp\/v2\/types\/post"}],"author":[{"embeddable":true,"href":"https:\/\/www.comitenervo.fr\/index.php?rest_route=\/wp\/v2\/users\/2"}],"replies":[{"embeddable":true,"href":"https:\/\/www.comitenervo.fr\/index.php?rest_route=%2Fwp%2Fv2%2Fcomments&post=3801"}],"version-history":[{"count":1,"href":"https:\/\/www.comitenervo.fr\/index.php?rest_route=\/wp\/v2\/posts\/3801\/revisions"}],"predecessor-version":[{"id":3803,"href":"https:\/\/www.comitenervo.fr\/index.php?rest_route=\/wp\/v2\/posts\/3801\/revisions\/3803"}],"wp:attachment":[{"href":"https:\/\/www.comitenervo.fr\/index.php?rest_route=%2Fwp%2Fv2%2Fmedia&parent=3801"}],"wp:term":[{"taxonomy":"category","embeddable":true,"href":"https:\/\/www.comitenervo.fr\/index.php?rest_route=%2Fwp%2Fv2%2Fcategories&post=3801"},{"taxonomy":"post_tag","embeddable":true,"href":"https:\/\/www.comitenervo.fr\/index.php?rest_route=%2Fwp%2Fv2%2Ftags&post=3801"}],"curies":[{"name":"wp","href":"https:\/\/api.w.org\/{rel}","templated":true}]}}