{"id":3793,"date":"2016-05-29T20:56:06","date_gmt":"2016-05-29T18:56:06","guid":{"rendered":"https:\/\/www.comitenervo.fr\/?p=3793"},"modified":"2018-10-28T12:15:03","modified_gmt":"2018-10-28T11:15:03","slug":"fete-des-voisins-2","status":"publish","type":"post","link":"https:\/\/www.comitenervo.fr\/?p=3793","title":{"rendered":"F\u00caTE DES VOISINS."},"content":{"rendered":"<p>Il ne faut plus croire aux pr\u00e9visions m\u00e9t\u00e9o et contrairement \u00e0 ce qui \u00e9tait annonc\u00e9,\u00a0 c&rsquo;est avec un temps superbe que s&rsquo;est d\u00e9roul\u00e9e ,ce samedi 28 , la f\u00eate des voisins\u00a0 de la cit\u00e9 Nervo !!!<\/p>\n<p>Maquilleuse,pour les petits et les grands, jeu gonflable pris d&rsquo;assaut de 9h30 \u00e0 20h00 par les enfants, Ludovic a su, comme \u00e0 son habitude, mettre l&rsquo;ambiance et c&rsquo;est tard dans la nuit\u00a0 que la f\u00eate s&rsquo;est termin\u00e9e!!!!!<\/p>\n<div id=\"attachment_3794\" style=\"width: 310px\" class=\"wp-caption alignleft\"><a href=\"https:\/\/www.comitenervo.fr\/?attachment_id=3794\" rel=\"attachment wp-att-3794\"><img loading=\"lazy\" decoding=\"async\" aria-describedby=\"caption-attachment-3794\" class=\"size-medium wp-image-3794\" src=\"https:\/\/www.comitenervo.fr\/wp-content\/uploads\/2016\/05\/P1020451titi-300x225.jpg\" alt=\"Ils sont pas beaux!!!!\" width=\"300\" height=\"225\" srcset=\"https:\/\/www.comitenervo.fr\/wp-content\/uploads\/2016\/05\/P1020451titi-300x225.jpg 300w, https:\/\/www.comitenervo.fr\/wp-content\/uploads\/2016\/05\/P1020451titi-768x576.jpg 768w, https:\/\/www.comitenervo.fr\/wp-content\/uploads\/2016\/05\/P1020451titi-1024x768.jpg 1024w, https:\/\/www.comitenervo.fr\/wp-content\/uploads\/2016\/05\/P1020451titi-150x113.jpg 150w, https:\/\/www.comitenervo.fr\/wp-content\/uploads\/2016\/05\/P1020451titi-400x300.jpg 400w\" sizes=\"auto, (max-width: 300px) 100vw, 300px\" \/><\/a><p id=\"caption-attachment-3794\" class=\"wp-caption-text\">Ils sont pas beaux!!!!<\/p><\/div>\n<div id=\"attachment_3796\" style=\"width: 310px\" class=\"wp-caption alignright\"><a href=\"https:\/\/www.comitenervo.fr\/?attachment_id=3796\" rel=\"attachment wp-att-3796\"><img loading=\"lazy\" decoding=\"async\" aria-describedby=\"caption-attachment-3796\" class=\"size-medium wp-image-3796\" src=\"https:\/\/www.comitenervo.fr\/wp-content\/uploads\/2016\/05\/P1020446kouba-300x225.jpg\" alt=\"Ambiance familiale.\" width=\"300\" height=\"225\" srcset=\"https:\/\/www.comitenervo.fr\/wp-content\/uploads\/2016\/05\/P1020446kouba-300x225.jpg 300w, https:\/\/www.comitenervo.fr\/wp-content\/uploads\/2016\/05\/P1020446kouba-768x576.jpg 768w, https:\/\/www.comitenervo.fr\/wp-content\/uploads\/2016\/05\/P1020446kouba-1024x768.jpg 1024w, https:\/\/www.comitenervo.fr\/wp-content\/uploads\/2016\/05\/P1020446kouba-150x113.jpg 150w, https:\/\/www.comitenervo.fr\/wp-content\/uploads\/2016\/05\/P1020446kouba-400x300.jpg 400w\" sizes=\"auto, (max-width: 300px) 100vw, 300px\" \/><\/a><p id=\"caption-attachment-3796\" class=\"wp-caption-text\">Ambiance familiale.<\/p><\/div>\n<p>&nbsp;<\/p>\n","protected":false},"excerpt":{"rendered":"<p>Il ne faut plus croire aux pr\u00e9visions m\u00e9t\u00e9o et contrairement \u00e0 ce qui \u00e9tait annonc\u00e9,\u00a0 c&rsquo;est avec un temps superbe que s&rsquo;est d\u00e9roul\u00e9e ,ce samedi 28 , la f\u00eate des voisins\u00a0 de la cit\u00e9 Nervo !!! Maquilleuse,pour les petits et &hellip; <a href=\"https:\/\/www.comitenervo.fr\/?p=3793\">Continuer la lecture <span class=\"meta-nav\">&rarr;<\/span><\/a><\/p>\n","protected":false},"author":2,"featured_media":0,"comment_status":"open","ping_status":"open","sticky":false,"template":"","format":"standard","meta":{"_monsterinsights_skip_tracking":false,"_monsterinsights_sitenote_active":false,"_monsterinsights_sitenote_note":"","_monsterinsights_sitenote_category":0,"ngg_post_thumbnail":0,"footnotes":""},"categories":[9],"tags":[],"class_list":["post-3793","post","type-post","status-publish","format-standard","hentry","category-evenement"],"_links":{"self":[{"href":"https:\/\/www.comitenervo.fr\/index.php?rest_route=\/wp\/v2\/posts\/3793","targetHints":{"allow":["GET"]}}],"collection":[{"href":"https:\/\/www.comitenervo.fr\/index.php?rest_route=\/wp\/v2\/posts"}],"about":[{"href":"https:\/\/www.comitenervo.fr\/index.php?rest_route=\/wp\/v2\/types\/post"}],"author":[{"embeddable":true,"href":"https:\/\/www.comitenervo.fr\/index.php?rest_route=\/wp\/v2\/users\/2"}],"replies":[{"embeddable":true,"href":"https:\/\/www.comitenervo.fr\/index.php?rest_route=%2Fwp%2Fv2%2Fcomments&post=3793"}],"version-history":[{"count":2,"href":"https:\/\/www.comitenervo.fr\/index.php?rest_route=\/wp\/v2\/posts\/3793\/revisions"}],"predecessor-version":[{"id":3798,"href":"https:\/\/www.comitenervo.fr\/index.php?rest_route=\/wp\/v2\/posts\/3793\/revisions\/3798"}],"wp:attachment":[{"href":"https:\/\/www.comitenervo.fr\/index.php?rest_route=%2Fwp%2Fv2%2Fmedia&parent=3793"}],"wp:term":[{"taxonomy":"category","embeddable":true,"href":"https:\/\/www.comitenervo.fr\/index.php?rest_route=%2Fwp%2Fv2%2Fcategories&post=3793"},{"taxonomy":"post_tag","embeddable":true,"href":"https:\/\/www.comitenervo.fr\/index.php?rest_route=%2Fwp%2Fv2%2Ftags&post=3793"}],"curies":[{"name":"wp","href":"https:\/\/api.w.org\/{rel}","templated":true}]}}