{"id":379,"date":"2011-12-28T22:10:23","date_gmt":"2011-12-28T21:10:23","guid":{"rendered":"https:\/\/www.comitenervo.fr\/?p=379"},"modified":"2012-08-08T22:32:57","modified_gmt":"2012-08-08T20:32:57","slug":"excursion-au-marche-de-noel-darras-2","status":"publish","type":"post","link":"https:\/\/www.comitenervo.fr\/?p=379","title":{"rendered":"EXCURSION AU MARCHE DE NO\u00cbL D&rsquo;ARRAS"},"content":{"rendered":"<p>Arras \u00e9tait la destination programm\u00e9e cette ann\u00e9e pour son march\u00e9 de no\u00ebl r\u00e9put\u00e9.<\/p>\n<p>Ce march\u00e9 a fait l&rsquo;unanimit\u00e9 pour sa chaleur,sa convivialit\u00e9, et ses nombreux chalets.<\/p>\n<p>Outre les chocolats et le vin chaud,il y avait l&rsquo;ambiance des jours de f\u00eates ;\u00a0 la place \u00e9tait joliment\u00a0 habill\u00e9e de moquette rouge qui en plus de l&rsquo;esth\u00e9tique agr\u00e9able ,permettait aux nombreux visiteurs\u00a0 de\u00a0 d\u00e9ambuler en toute s\u00e9curit\u00e9.<\/p>\n<p>L&rsquo;ann\u00e9e prochaine, Reims devrait \u00eatre la destination des amateurs escaudinois de march\u00e9s de no\u00ebl.<\/p>\n<p>&nbsp;<\/p>\n<div id=\"attachment_382\" style=\"width: 310px\" class=\"wp-caption alignleft\"><a href=\"https:\/\/www.comitenervo.fr\/wp-content\/uploads\/2011\/12\/DSC007382.jpg\"><img loading=\"lazy\" decoding=\"async\" aria-describedby=\"caption-attachment-382\" class=\"size-medium wp-image-382\" title=\"DSC00738\" src=\"https:\/\/www.comitenervo.fr\/wp-content\/uploads\/2011\/12\/DSC007382-300x182.jpg\" alt=\"\" width=\"300\" height=\"182\" srcset=\"https:\/\/www.comitenervo.fr\/wp-content\/uploads\/2011\/12\/DSC007382-300x182.jpg 300w, https:\/\/www.comitenervo.fr\/wp-content\/uploads\/2011\/12\/DSC007382-1024x624.jpg 1024w, https:\/\/www.comitenervo.fr\/wp-content\/uploads\/2011\/12\/DSC007382-150x91.jpg 150w, https:\/\/www.comitenervo.fr\/wp-content\/uploads\/2011\/12\/DSC007382-400x243.jpg 400w, https:\/\/www.comitenervo.fr\/wp-content\/uploads\/2011\/12\/DSC007382.jpg 1056w\" sizes=\"auto, (max-width: 300px) 100vw, 300px\" \/><\/a><p id=\"caption-attachment-382\" class=\"wp-caption-text\">Le groupe escaudinois.<\/p><\/div>\n<div id=\"attachment_383\" style=\"width: 310px\" class=\"wp-caption alignright\"><a href=\"https:\/\/www.comitenervo.fr\/wp-content\/uploads\/2011\/12\/DSC00752.jpg\"><img loading=\"lazy\" decoding=\"async\" aria-describedby=\"caption-attachment-383\" class=\"size-medium wp-image-383\" title=\"DSC00752\" src=\"https:\/\/www.comitenervo.fr\/wp-content\/uploads\/2011\/12\/DSC00752-300x225.jpg\" alt=\"\" width=\"300\" height=\"225\" srcset=\"https:\/\/www.comitenervo.fr\/wp-content\/uploads\/2011\/12\/DSC00752-300x225.jpg 300w, https:\/\/www.comitenervo.fr\/wp-content\/uploads\/2011\/12\/DSC00752-150x112.jpg 150w, https:\/\/www.comitenervo.fr\/wp-content\/uploads\/2011\/12\/DSC00752-400x301.jpg 400w, https:\/\/www.comitenervo.fr\/wp-content\/uploads\/2011\/12\/DSC00752.jpg 972w\" sizes=\"auto, (max-width: 300px) 100vw, 300px\" \/><\/a><p id=\"caption-attachment-383\" class=\"wp-caption-text\">La fameuse moquette !!!!!<\/p><\/div>\n","protected":false},"excerpt":{"rendered":"<p>Arras \u00e9tait la destination programm\u00e9e cette ann\u00e9e pour son march\u00e9 de no\u00ebl r\u00e9put\u00e9. Ce march\u00e9 a fait l&rsquo;unanimit\u00e9 pour sa chaleur,sa convivialit\u00e9, et ses nombreux chalets. Outre les chocolats et le vin chaud,il y avait l&rsquo;ambiance des jours de f\u00eates &hellip; <a href=\"https:\/\/www.comitenervo.fr\/?p=379\">Continuer la lecture <span class=\"meta-nav\">&rarr;<\/span><\/a><\/p>\n","protected":false},"author":2,"featured_media":383,"comment_status":"open","ping_status":"open","sticky":false,"template":"","format":"standard","meta":{"_monsterinsights_skip_tracking":false,"_monsterinsights_sitenote_active":false,"_monsterinsights_sitenote_note":"","_monsterinsights_sitenote_category":0,"ngg_post_thumbnail":0,"footnotes":""},"categories":[9,8],"tags":[],"class_list":["post-379","post","type-post","status-publish","format-standard","has-post-thumbnail","hentry","category-evenement","category-voyage"],"_links":{"self":[{"href":"https:\/\/www.comitenervo.fr\/index.php?rest_route=\/wp\/v2\/posts\/379","targetHints":{"allow":["GET"]}}],"collection":[{"href":"https:\/\/www.comitenervo.fr\/index.php?rest_route=\/wp\/v2\/posts"}],"about":[{"href":"https:\/\/www.comitenervo.fr\/index.php?rest_route=\/wp\/v2\/types\/post"}],"author":[{"embeddable":true,"href":"https:\/\/www.comitenervo.fr\/index.php?rest_route=\/wp\/v2\/users\/2"}],"replies":[{"embeddable":true,"href":"https:\/\/www.comitenervo.fr\/index.php?rest_route=%2Fwp%2Fv2%2Fcomments&post=379"}],"version-history":[{"count":6,"href":"https:\/\/www.comitenervo.fr\/index.php?rest_route=\/wp\/v2\/posts\/379\/revisions"}],"predecessor-version":[{"id":830,"href":"https:\/\/www.comitenervo.fr\/index.php?rest_route=\/wp\/v2\/posts\/379\/revisions\/830"}],"wp:featuredmedia":[{"embeddable":true,"href":"https:\/\/www.comitenervo.fr\/index.php?rest_route=\/wp\/v2\/media\/383"}],"wp:attachment":[{"href":"https:\/\/www.comitenervo.fr\/index.php?rest_route=%2Fwp%2Fv2%2Fmedia&parent=379"}],"wp:term":[{"taxonomy":"category","embeddable":true,"href":"https:\/\/www.comitenervo.fr\/index.php?rest_route=%2Fwp%2Fv2%2Fcategories&post=379"},{"taxonomy":"post_tag","embeddable":true,"href":"https:\/\/www.comitenervo.fr\/index.php?rest_route=%2Fwp%2Fv2%2Ftags&post=379"}],"curies":[{"name":"wp","href":"https:\/\/api.w.org\/{rel}","templated":true}]}}