{"id":3404,"date":"2016-01-27T14:44:20","date_gmt":"2016-01-27T13:44:20","guid":{"rendered":"https:\/\/www.comitenervo.fr\/?p=3404"},"modified":"2018-10-28T12:13:44","modified_gmt":"2018-10-28T11:13:44","slug":"ag-bonne-et-mauvaise-nouvelles","status":"publish","type":"post","link":"https:\/\/www.comitenervo.fr\/?p=3404","title":{"rendered":"AG: BONNE et MAUVAISE NOUVELLES."},"content":{"rendered":"<p>En pr\u00e9sence de nombreux \u00e9lus, l&rsquo;assembl\u00e9e g\u00e9n\u00e9rale du comit\u00e9 s&rsquo;est d\u00e9roul\u00e9e sereinement: rapport moral par le pr\u00e9sident D.Wuilbeaux, rapport d&rsquo;activit\u00e9s par Raymond Lh\u00e9risson et enfin rapport financier par D.Zaich; tout ces rapports adopt\u00e9s \u00e0 l&rsquo;unanimit\u00e9.<\/p>\n<p>La bonne nouvelle ,c&rsquo;est la mise \u00e0 disposition du local , d\u00e9but f\u00e9vrier.<\/p>\n<p>La mauvaise, c&rsquo;est plus de subvention CAF: l&rsquo;association ne r\u00e9pond plus aux crit\u00e8res d&rsquo;attribution.<\/p>\n<p>Dur,dur !!!!!!<\/p>\n<div id=\"attachment_3406\" style=\"width: 310px\" class=\"wp-caption alignright\"><a href=\"https:\/\/www.comitenervo.fr\/?attachment_id=3406\" rel=\"attachment wp-att-3406\"><img loading=\"lazy\" decoding=\"async\" aria-describedby=\"caption-attachment-3406\" class=\"size-medium wp-image-3406\" src=\"https:\/\/www.comitenervo.fr\/wp-content\/uploads\/2016\/01\/P1020244-300x225.jpg\" alt=\"Le bureau\" width=\"300\" height=\"225\" srcset=\"https:\/\/www.comitenervo.fr\/wp-content\/uploads\/2016\/01\/P1020244-300x225.jpg 300w, https:\/\/www.comitenervo.fr\/wp-content\/uploads\/2016\/01\/P1020244-768x576.jpg 768w, https:\/\/www.comitenervo.fr\/wp-content\/uploads\/2016\/01\/P1020244-1024x768.jpg 1024w, https:\/\/www.comitenervo.fr\/wp-content\/uploads\/2016\/01\/P1020244-150x113.jpg 150w, https:\/\/www.comitenervo.fr\/wp-content\/uploads\/2016\/01\/P1020244-400x300.jpg 400w\" sizes=\"auto, (max-width: 300px) 100vw, 300px\" \/><\/a><p id=\"caption-attachment-3406\" class=\"wp-caption-text\">Le bureau<\/p><\/div>\n<div id=\"attachment_3405\" style=\"width: 310px\" class=\"wp-caption alignleft\"><a href=\"https:\/\/www.comitenervo.fr\/?attachment_id=3405\" rel=\"attachment wp-att-3405\"><img loading=\"lazy\" decoding=\"async\" aria-describedby=\"caption-attachment-3405\" class=\"size-medium wp-image-3405\" src=\"https:\/\/www.comitenervo.fr\/wp-content\/uploads\/2016\/01\/P1020247-300x225.jpg\" alt=\"Les participants\" width=\"300\" height=\"225\" srcset=\"https:\/\/www.comitenervo.fr\/wp-content\/uploads\/2016\/01\/P1020247-300x225.jpg 300w, https:\/\/www.comitenervo.fr\/wp-content\/uploads\/2016\/01\/P1020247-768x576.jpg 768w, https:\/\/www.comitenervo.fr\/wp-content\/uploads\/2016\/01\/P1020247-1024x768.jpg 1024w, https:\/\/www.comitenervo.fr\/wp-content\/uploads\/2016\/01\/P1020247-150x113.jpg 150w, https:\/\/www.comitenervo.fr\/wp-content\/uploads\/2016\/01\/P1020247-400x300.jpg 400w\" sizes=\"auto, (max-width: 300px) 100vw, 300px\" \/><\/a><p id=\"caption-attachment-3405\" class=\"wp-caption-text\">Les participants<\/p><\/div>\n","protected":false},"excerpt":{"rendered":"<p>En pr\u00e9sence de nombreux \u00e9lus, l&rsquo;assembl\u00e9e g\u00e9n\u00e9rale du comit\u00e9 s&rsquo;est d\u00e9roul\u00e9e sereinement: rapport moral par le pr\u00e9sident D.Wuilbeaux, rapport d&rsquo;activit\u00e9s par Raymond Lh\u00e9risson et enfin rapport financier par D.Zaich; tout ces rapports adopt\u00e9s \u00e0 l&rsquo;unanimit\u00e9. La bonne nouvelle ,c&rsquo;est la &hellip; <a href=\"https:\/\/www.comitenervo.fr\/?p=3404\">Continuer la lecture <span class=\"meta-nav\">&rarr;<\/span><\/a><\/p>\n","protected":false},"author":2,"featured_media":0,"comment_status":"open","ping_status":"open","sticky":false,"template":"","format":"standard","meta":{"_monsterinsights_skip_tracking":false,"_monsterinsights_sitenote_active":false,"_monsterinsights_sitenote_note":"","_monsterinsights_sitenote_category":0,"ngg_post_thumbnail":0,"footnotes":""},"categories":[6],"tags":[],"class_list":["post-3404","post","type-post","status-publish","format-standard","hentry","category-vie-de-la-cite"],"_links":{"self":[{"href":"https:\/\/www.comitenervo.fr\/index.php?rest_route=\/wp\/v2\/posts\/3404","targetHints":{"allow":["GET"]}}],"collection":[{"href":"https:\/\/www.comitenervo.fr\/index.php?rest_route=\/wp\/v2\/posts"}],"about":[{"href":"https:\/\/www.comitenervo.fr\/index.php?rest_route=\/wp\/v2\/types\/post"}],"author":[{"embeddable":true,"href":"https:\/\/www.comitenervo.fr\/index.php?rest_route=\/wp\/v2\/users\/2"}],"replies":[{"embeddable":true,"href":"https:\/\/www.comitenervo.fr\/index.php?rest_route=%2Fwp%2Fv2%2Fcomments&post=3404"}],"version-history":[{"count":1,"href":"https:\/\/www.comitenervo.fr\/index.php?rest_route=\/wp\/v2\/posts\/3404\/revisions"}],"predecessor-version":[{"id":3407,"href":"https:\/\/www.comitenervo.fr\/index.php?rest_route=\/wp\/v2\/posts\/3404\/revisions\/3407"}],"wp:attachment":[{"href":"https:\/\/www.comitenervo.fr\/index.php?rest_route=%2Fwp%2Fv2%2Fmedia&parent=3404"}],"wp:term":[{"taxonomy":"category","embeddable":true,"href":"https:\/\/www.comitenervo.fr\/index.php?rest_route=%2Fwp%2Fv2%2Fcategories&post=3404"},{"taxonomy":"post_tag","embeddable":true,"href":"https:\/\/www.comitenervo.fr\/index.php?rest_route=%2Fwp%2Fv2%2Ftags&post=3404"}],"curies":[{"name":"wp","href":"https:\/\/api.w.org\/{rel}","templated":true}]}}