{"id":335,"date":"2011-12-13T21:12:31","date_gmt":"2011-12-13T20:12:31","guid":{"rendered":"https:\/\/www.comitenervo.fr\/?p=335"},"modified":"2012-08-08T22:32:40","modified_gmt":"2012-08-08T20:32:40","slug":"noel-des-enfants-de-la-cite-nervo-2011","status":"publish","type":"post","link":"https:\/\/www.comitenervo.fr\/?p=335","title":{"rendered":"NO\u00cbL DES ENFANTS DE LA CITE NERVO 2011"},"content":{"rendered":"<p>Le no\u00ebl des enfants (moins de 13 ans), aura lieu le mercredi 21 d\u00e9cembre \u00e0 partir de 15h30 et jusqu&rsquo;\u00e0 17h30 .<\/p>\n<p>Le p\u00e8re No\u00ebl effectuera la distribution\u00a0 des\u00a0 cadeaux,sous le chapiteau, face aux 23 et 24 all\u00e9e Nervo.<\/p>\n<p>Du chocolat, des biscuits et des bonbons pour les enfants et du caf\u00e9 pour les parents seront propos\u00e9s ce mercredi.<\/p>\n<p>Il a \u00e9t\u00e9 d\u00e9cid\u00e9 qu&rsquo;aucune distribution ne sera faite aux domiciles des enfants.<\/p>\n<p>VENEZ NOMBREUX.<\/p>\n<p><a href=\"https:\/\/www.comitenervo.fr\/wp-content\/uploads\/2011\/12\/IMG_0335.jpg\"><img loading=\"lazy\" decoding=\"async\" class=\"alignleft size-medium wp-image-336\" title=\"IMG_0335\" src=\"https:\/\/www.comitenervo.fr\/wp-content\/uploads\/2011\/12\/IMG_0335-300x225.jpg\" alt=\"\" width=\"300\" height=\"225\" srcset=\"https:\/\/www.comitenervo.fr\/wp-content\/uploads\/2011\/12\/IMG_0335-300x225.jpg 300w, https:\/\/www.comitenervo.fr\/wp-content\/uploads\/2011\/12\/IMG_0335-1024x768.jpg 1024w, https:\/\/www.comitenervo.fr\/wp-content\/uploads\/2011\/12\/IMG_0335-150x112.jpg 150w, https:\/\/www.comitenervo.fr\/wp-content\/uploads\/2011\/12\/IMG_0335-400x300.jpg 400w\" sizes=\"auto, (max-width: 300px) 100vw, 300px\" \/><\/a><a href=\"https:\/\/www.comitenervo.fr\/wp-content\/uploads\/2011\/12\/IMG_03601.jpg\"><img loading=\"lazy\" decoding=\"async\" class=\"alignright size-medium wp-image-338\" title=\"IMG_0360\" src=\"https:\/\/www.comitenervo.fr\/wp-content\/uploads\/2011\/12\/IMG_03601-225x300.jpg\" alt=\"\" width=\"225\" height=\"300\" srcset=\"https:\/\/www.comitenervo.fr\/wp-content\/uploads\/2011\/12\/IMG_03601-225x300.jpg 225w, https:\/\/www.comitenervo.fr\/wp-content\/uploads\/2011\/12\/IMG_03601-768x1024.jpg 768w, https:\/\/www.comitenervo.fr\/wp-content\/uploads\/2011\/12\/IMG_03601-112x150.jpg 112w, https:\/\/www.comitenervo.fr\/wp-content\/uploads\/2011\/12\/IMG_03601-400x533.jpg 400w, https:\/\/www.comitenervo.fr\/wp-content\/uploads\/2011\/12\/IMG_03601.jpg 1944w\" sizes=\"auto, (max-width: 225px) 100vw, 225px\" \/><\/a><\/p>\n<p>La neige \u00e9tait au rendez-vous en 2010 .<\/p>\n<p>&nbsp;<\/p>\n<p>&nbsp;<\/p>\n<p>M\u00eame les \u00e9lus aiment le p\u00e8re No\u00ebl !!!!!!<\/p>\n<p>&nbsp;<\/p>\n<p>&nbsp;<\/p>\n<p>&nbsp;<\/p>\n<p>&nbsp;<\/p>\n","protected":false},"excerpt":{"rendered":"<p>Le no\u00ebl des enfants (moins de 13 ans), aura lieu le mercredi 21 d\u00e9cembre \u00e0 partir de 15h30 et jusqu&rsquo;\u00e0 17h30 . Le p\u00e8re No\u00ebl effectuera la distribution\u00a0 des\u00a0 cadeaux,sous le chapiteau, face aux 23 et 24 all\u00e9e Nervo. Du &hellip; <a href=\"https:\/\/www.comitenervo.fr\/?p=335\">Continuer la lecture <span class=\"meta-nav\">&rarr;<\/span><\/a><\/p>\n","protected":false},"author":2,"featured_media":0,"comment_status":"open","ping_status":"open","sticky":false,"template":"","format":"standard","meta":{"_monsterinsights_skip_tracking":false,"_monsterinsights_sitenote_active":false,"_monsterinsights_sitenote_note":"","_monsterinsights_sitenote_category":0,"ngg_post_thumbnail":0,"footnotes":""},"categories":[9,6],"tags":[],"class_list":["post-335","post","type-post","status-publish","format-standard","hentry","category-evenement","category-vie-de-la-cite"],"_links":{"self":[{"href":"https:\/\/www.comitenervo.fr\/index.php?rest_route=\/wp\/v2\/posts\/335","targetHints":{"allow":["GET"]}}],"collection":[{"href":"https:\/\/www.comitenervo.fr\/index.php?rest_route=\/wp\/v2\/posts"}],"about":[{"href":"https:\/\/www.comitenervo.fr\/index.php?rest_route=\/wp\/v2\/types\/post"}],"author":[{"embeddable":true,"href":"https:\/\/www.comitenervo.fr\/index.php?rest_route=\/wp\/v2\/users\/2"}],"replies":[{"embeddable":true,"href":"https:\/\/www.comitenervo.fr\/index.php?rest_route=%2Fwp%2Fv2%2Fcomments&post=335"}],"version-history":[{"count":7,"href":"https:\/\/www.comitenervo.fr\/index.php?rest_route=\/wp\/v2\/posts\/335\/revisions"}],"predecessor-version":[{"id":827,"href":"https:\/\/www.comitenervo.fr\/index.php?rest_route=\/wp\/v2\/posts\/335\/revisions\/827"}],"wp:attachment":[{"href":"https:\/\/www.comitenervo.fr\/index.php?rest_route=%2Fwp%2Fv2%2Fmedia&parent=335"}],"wp:term":[{"taxonomy":"category","embeddable":true,"href":"https:\/\/www.comitenervo.fr\/index.php?rest_route=%2Fwp%2Fv2%2Fcategories&post=335"},{"taxonomy":"post_tag","embeddable":true,"href":"https:\/\/www.comitenervo.fr\/index.php?rest_route=%2Fwp%2Fv2%2Ftags&post=335"}],"curies":[{"name":"wp","href":"https:\/\/api.w.org\/{rel}","templated":true}]}}