{"id":330,"date":"2011-12-13T17:02:51","date_gmt":"2011-12-13T16:02:51","guid":{"rendered":"https:\/\/www.comitenervo.fr\/?p=330"},"modified":"2012-08-08T22:43:50","modified_gmt":"2012-08-08T20:43:50","slug":"excursion-au-marche-de-noel-darras","status":"publish","type":"post","link":"https:\/\/www.comitenervo.fr\/?p=330","title":{"rendered":"EXCURSION AU MARCHE DE NO\u00cbL  D&rsquo;ARRAS."},"content":{"rendered":"<p>Le comit\u00e9 organise une excursion au march\u00e9 de no\u00ebl d&rsquo;Arras le samedi 17 d\u00e9cembre 2011.<\/p>\n<p>**D\u00e9part 14h30 au parking du caf\u00e9 de la chapelle.<\/p>\n<p>**Retour au m\u00eame endroit vers 20h30.<\/p>\n<p>Tarifs: 4\u20ac pour les adultes et 2\u20ac pour les enfants.<\/p>\n<p>Renseignements au 03\/27\/31\/75\/58<a href=\"https:\/\/www.comitenervo.fr\/wp-content\/uploads\/2011\/12\/arras-20111.jpg\"><img loading=\"lazy\" decoding=\"async\" class=\"aligncenter size-medium wp-image-332\" title=\"arras 2011\" src=\"https:\/\/www.comitenervo.fr\/wp-content\/uploads\/2011\/12\/arras-20111-217x300.jpg\" alt=\"\" width=\"217\" height=\"300\" srcset=\"https:\/\/www.comitenervo.fr\/wp-content\/uploads\/2011\/12\/arras-20111-217x300.jpg 217w, https:\/\/www.comitenervo.fr\/wp-content\/uploads\/2011\/12\/arras-20111-743x1024.jpg 743w, https:\/\/www.comitenervo.fr\/wp-content\/uploads\/2011\/12\/arras-20111-108x150.jpg 108w, https:\/\/www.comitenervo.fr\/wp-content\/uploads\/2011\/12\/arras-20111.jpg 850w\" sizes=\"auto, (max-width: 217px) 100vw, 217px\" \/><\/a><\/p>\n","protected":false},"excerpt":{"rendered":"<p>Le comit\u00e9 organise une excursion au march\u00e9 de no\u00ebl d&rsquo;Arras le samedi 17 d\u00e9cembre 2011. **D\u00e9part 14h30 au parking du caf\u00e9 de la chapelle. **Retour au m\u00eame endroit vers 20h30. Tarifs: 4\u20ac pour les adultes et 2\u20ac pour les enfants. &hellip; <a href=\"https:\/\/www.comitenervo.fr\/?p=330\">Continuer la lecture <span class=\"meta-nav\">&rarr;<\/span><\/a><\/p>\n","protected":false},"author":2,"featured_media":0,"comment_status":"open","ping_status":"open","sticky":false,"template":"","format":"standard","meta":{"_monsterinsights_skip_tracking":false,"_monsterinsights_sitenote_active":false,"_monsterinsights_sitenote_note":"","_monsterinsights_sitenote_category":0,"ngg_post_thumbnail":0,"footnotes":""},"categories":[9,8],"tags":[],"class_list":["post-330","post","type-post","status-publish","format-standard","hentry","category-evenement","category-voyage"],"_links":{"self":[{"href":"https:\/\/www.comitenervo.fr\/index.php?rest_route=\/wp\/v2\/posts\/330","targetHints":{"allow":["GET"]}}],"collection":[{"href":"https:\/\/www.comitenervo.fr\/index.php?rest_route=\/wp\/v2\/posts"}],"about":[{"href":"https:\/\/www.comitenervo.fr\/index.php?rest_route=\/wp\/v2\/types\/post"}],"author":[{"embeddable":true,"href":"https:\/\/www.comitenervo.fr\/index.php?rest_route=\/wp\/v2\/users\/2"}],"replies":[{"embeddable":true,"href":"https:\/\/www.comitenervo.fr\/index.php?rest_route=%2Fwp%2Fv2%2Fcomments&post=330"}],"version-history":[{"count":5,"href":"https:\/\/www.comitenervo.fr\/index.php?rest_route=\/wp\/v2\/posts\/330\/revisions"}],"predecessor-version":[{"id":867,"href":"https:\/\/www.comitenervo.fr\/index.php?rest_route=\/wp\/v2\/posts\/330\/revisions\/867"}],"wp:attachment":[{"href":"https:\/\/www.comitenervo.fr\/index.php?rest_route=%2Fwp%2Fv2%2Fmedia&parent=330"}],"wp:term":[{"taxonomy":"category","embeddable":true,"href":"https:\/\/www.comitenervo.fr\/index.php?rest_route=%2Fwp%2Fv2%2Fcategories&post=330"},{"taxonomy":"post_tag","embeddable":true,"href":"https:\/\/www.comitenervo.fr\/index.php?rest_route=%2Fwp%2Fv2%2Ftags&post=330"}],"curies":[{"name":"wp","href":"https:\/\/api.w.org\/{rel}","templated":true}]}}