{"id":3265,"date":"2015-12-27T10:14:54","date_gmt":"2015-12-27T09:14:54","guid":{"rendered":"https:\/\/www.comitenervo.fr\/?p=3265"},"modified":"2018-10-28T12:13:37","modified_gmt":"2018-10-28T11:13:37","slug":"bal-country-3","status":"publish","type":"post","link":"https:\/\/www.comitenervo.fr\/?p=3265","title":{"rendered":"BAL COUNTRY"},"content":{"rendered":"<p>Report\u00e9 \u00e0 cause des \u00e9v\u00e9nements , et , gr\u00e2ce \u00e0 l&rsquo;intervention de Jeannette Marcuzzi, adjointe aux f\u00eates, le bal country aura lieu le samedi 23 janvier 2016 de 18h30 \u00e0 1h00 du matin.<\/p>\n<p>Toujours organis\u00e9 en partenariat avec le basket f\u00e9minin, il sera anim\u00e9 par Godelene , bien connue dans les milieux country.<a href=\"https:\/\/www.comitenervo.fr\/wp-content\/uploads\/2015\/12\/country-gogo15PETIT.jpg\"><img loading=\"lazy\" decoding=\"async\" class=\"alignright size-medium wp-image-3266\" src=\"https:\/\/www.comitenervo.fr\/wp-content\/uploads\/2015\/12\/country-gogo15PETIT-208x300.jpg\" alt=\"country gogo15PETIT\" width=\"208\" height=\"300\" srcset=\"https:\/\/www.comitenervo.fr\/wp-content\/uploads\/2015\/12\/country-gogo15PETIT-208x300.jpg 208w, https:\/\/www.comitenervo.fr\/wp-content\/uploads\/2015\/12\/country-gogo15PETIT-711x1024.jpg 711w, https:\/\/www.comitenervo.fr\/wp-content\/uploads\/2015\/12\/country-gogo15PETIT-104x150.jpg 104w, https:\/\/www.comitenervo.fr\/wp-content\/uploads\/2015\/12\/country-gogo15PETIT-400x576.jpg 400w, https:\/\/www.comitenervo.fr\/wp-content\/uploads\/2015\/12\/country-gogo15PETIT.jpg 800w\" sizes=\"auto, (max-width: 208px) 100vw, 208px\" \/><\/a><a href=\"https:\/\/www.comitenervo.fr\/wp-content\/uploads\/2015\/12\/PLAYLISTE16.jpg\"><img loading=\"lazy\" decoding=\"async\" class=\"alignleft size-medium wp-image-3268\" src=\"https:\/\/www.comitenervo.fr\/wp-content\/uploads\/2015\/12\/PLAYLISTE16-221x300.jpg\" alt=\"PLAYLISTE16\" width=\"221\" height=\"300\" srcset=\"https:\/\/www.comitenervo.fr\/wp-content\/uploads\/2015\/12\/PLAYLISTE16-221x300.jpg 221w, https:\/\/www.comitenervo.fr\/wp-content\/uploads\/2015\/12\/PLAYLISTE16-753x1024.jpg 753w, https:\/\/www.comitenervo.fr\/wp-content\/uploads\/2015\/12\/PLAYLISTE16-110x150.jpg 110w, https:\/\/www.comitenervo.fr\/wp-content\/uploads\/2015\/12\/PLAYLISTE16-400x544.jpg 400w, https:\/\/www.comitenervo.fr\/wp-content\/uploads\/2015\/12\/PLAYLISTE16.jpg 800w\" sizes=\"auto, (max-width: 221px) 100vw, 221px\" \/><\/a><\/p>\n","protected":false},"excerpt":{"rendered":"<p>Report\u00e9 \u00e0 cause des \u00e9v\u00e9nements , et , gr\u00e2ce \u00e0 l&rsquo;intervention de Jeannette Marcuzzi, adjointe aux f\u00eates, le bal country aura lieu le samedi 23 janvier 2016 de 18h30 \u00e0 1h00 du matin. Toujours organis\u00e9 en partenariat avec le basket &hellip; <a href=\"https:\/\/www.comitenervo.fr\/?p=3265\">Continuer la lecture <span class=\"meta-nav\">&rarr;<\/span><\/a><\/p>\n","protected":false},"author":2,"featured_media":0,"comment_status":"open","ping_status":"open","sticky":false,"template":"","format":"standard","meta":{"_monsterinsights_skip_tracking":false,"_monsterinsights_sitenote_active":false,"_monsterinsights_sitenote_note":"","_monsterinsights_sitenote_category":0,"ngg_post_thumbnail":0,"footnotes":""},"categories":[9],"tags":[],"class_list":["post-3265","post","type-post","status-publish","format-standard","hentry","category-evenement"],"_links":{"self":[{"href":"https:\/\/www.comitenervo.fr\/index.php?rest_route=\/wp\/v2\/posts\/3265","targetHints":{"allow":["GET"]}}],"collection":[{"href":"https:\/\/www.comitenervo.fr\/index.php?rest_route=\/wp\/v2\/posts"}],"about":[{"href":"https:\/\/www.comitenervo.fr\/index.php?rest_route=\/wp\/v2\/types\/post"}],"author":[{"embeddable":true,"href":"https:\/\/www.comitenervo.fr\/index.php?rest_route=\/wp\/v2\/users\/2"}],"replies":[{"embeddable":true,"href":"https:\/\/www.comitenervo.fr\/index.php?rest_route=%2Fwp%2Fv2%2Fcomments&post=3265"}],"version-history":[{"count":4,"href":"https:\/\/www.comitenervo.fr\/index.php?rest_route=\/wp\/v2\/posts\/3265\/revisions"}],"predecessor-version":[{"id":3273,"href":"https:\/\/www.comitenervo.fr\/index.php?rest_route=\/wp\/v2\/posts\/3265\/revisions\/3273"}],"wp:attachment":[{"href":"https:\/\/www.comitenervo.fr\/index.php?rest_route=%2Fwp%2Fv2%2Fmedia&parent=3265"}],"wp:term":[{"taxonomy":"category","embeddable":true,"href":"https:\/\/www.comitenervo.fr\/index.php?rest_route=%2Fwp%2Fv2%2Fcategories&post=3265"},{"taxonomy":"post_tag","embeddable":true,"href":"https:\/\/www.comitenervo.fr\/index.php?rest_route=%2Fwp%2Fv2%2Ftags&post=3265"}],"curies":[{"name":"wp","href":"https:\/\/api.w.org\/{rel}","templated":true}]}}