{"id":3260,"date":"2015-12-27T10:02:14","date_gmt":"2015-12-27T09:02:14","guid":{"rendered":"https:\/\/www.comitenervo.fr\/?p=3260"},"modified":"2018-10-28T12:13:32","modified_gmt":"2018-10-28T11:13:32","slug":"noel-des-enfants-course-des-peres-noel-reussite","status":"publish","type":"post","link":"https:\/\/www.comitenervo.fr\/?p=3260","title":{"rendered":"NO\u00cbL DES ENFANTS ,COURSE DES P\u00c8RES NO\u00cbL&#8230;..R\u00c9USSITE."},"content":{"rendered":"<p>On pourrait dire: \u00ab\u00a0quand le beau temps est l\u00e0 tout va\u00a0\u00bb !!!! , mais ce f\u00fbt aussi une r\u00e9ussite\u00a0tant au niveau des stands, qu&rsquo;au niveau de la course des p\u00e8res No\u00ebl.<\/p>\n<p>Comme \u00e0 Strasbourg\u00a0presque : p\u00e2tisseries, vin chaud, chocolat, cr\u00eapes etc&#8230;., ont eu beaucoup de succ\u00e8s.<\/p>\n<p>Enfin, il faut signaler la bonne entente entre le comit\u00e9 Nervo et le COME pour l&rsquo;organisation de cet apr\u00e8s-midi.<\/p>\n<p>Bis en 2016 ?<\/p>\n<div id=\"attachment_3261\" style=\"width: 160px\" class=\"wp-caption alignleft\"><a href=\"https:\/\/www.comitenervo.fr\/wp-content\/uploads\/2015\/12\/P1020238.jpg\"><img loading=\"lazy\" decoding=\"async\" aria-describedby=\"caption-attachment-3261\" class=\"size-thumbnail wp-image-3261\" src=\"https:\/\/www.comitenervo.fr\/wp-content\/uploads\/2015\/12\/P1020238-150x150.jpg\" alt=\"Course des p\u00e8res No\u00ebl\" width=\"150\" height=\"150\" \/><\/a><p id=\"caption-attachment-3261\" class=\"wp-caption-text\">Course des p\u00e8res No\u00ebl<\/p><\/div>\n<div id=\"attachment_3262\" style=\"width: 160px\" class=\"wp-caption alignright\"><a href=\"https:\/\/www.comitenervo.fr\/wp-content\/uploads\/2015\/12\/DSC_0652.jpg\"><img loading=\"lazy\" decoding=\"async\" aria-describedby=\"caption-attachment-3262\" class=\"size-thumbnail wp-image-3262\" src=\"https:\/\/www.comitenervo.fr\/wp-content\/uploads\/2015\/12\/DSC_0652-150x150.jpg\" alt=\"Pris d'assaut!!!\" width=\"150\" height=\"150\" \/><\/a><p id=\"caption-attachment-3262\" class=\"wp-caption-text\">Pris d&rsquo;assaut!!!<\/p><\/div>\n<p>&nbsp;<\/p>\n","protected":false},"excerpt":{"rendered":"<p>On pourrait dire: \u00ab\u00a0quand le beau temps est l\u00e0 tout va\u00a0\u00bb !!!! , mais ce f\u00fbt aussi une r\u00e9ussite\u00a0tant au niveau des stands, qu&rsquo;au niveau de la course des p\u00e8res No\u00ebl. Comme \u00e0 Strasbourg\u00a0presque : p\u00e2tisseries, vin chaud, chocolat, cr\u00eapes &hellip; <a href=\"https:\/\/www.comitenervo.fr\/?p=3260\">Continuer la lecture <span class=\"meta-nav\">&rarr;<\/span><\/a><\/p>\n","protected":false},"author":2,"featured_media":0,"comment_status":"open","ping_status":"open","sticky":false,"template":"","format":"standard","meta":{"_monsterinsights_skip_tracking":false,"_monsterinsights_sitenote_active":false,"_monsterinsights_sitenote_note":"","_monsterinsights_sitenote_category":0,"ngg_post_thumbnail":0,"footnotes":""},"categories":[9,6],"tags":[],"class_list":["post-3260","post","type-post","status-publish","format-standard","hentry","category-evenement","category-vie-de-la-cite"],"_links":{"self":[{"href":"https:\/\/www.comitenervo.fr\/index.php?rest_route=\/wp\/v2\/posts\/3260","targetHints":{"allow":["GET"]}}],"collection":[{"href":"https:\/\/www.comitenervo.fr\/index.php?rest_route=\/wp\/v2\/posts"}],"about":[{"href":"https:\/\/www.comitenervo.fr\/index.php?rest_route=\/wp\/v2\/types\/post"}],"author":[{"embeddable":true,"href":"https:\/\/www.comitenervo.fr\/index.php?rest_route=\/wp\/v2\/users\/2"}],"replies":[{"embeddable":true,"href":"https:\/\/www.comitenervo.fr\/index.php?rest_route=%2Fwp%2Fv2%2Fcomments&post=3260"}],"version-history":[{"count":4,"href":"https:\/\/www.comitenervo.fr\/index.php?rest_route=\/wp\/v2\/posts\/3260\/revisions"}],"predecessor-version":[{"id":3276,"href":"https:\/\/www.comitenervo.fr\/index.php?rest_route=\/wp\/v2\/posts\/3260\/revisions\/3276"}],"wp:attachment":[{"href":"https:\/\/www.comitenervo.fr\/index.php?rest_route=%2Fwp%2Fv2%2Fmedia&parent=3260"}],"wp:term":[{"taxonomy":"category","embeddable":true,"href":"https:\/\/www.comitenervo.fr\/index.php?rest_route=%2Fwp%2Fv2%2Fcategories&post=3260"},{"taxonomy":"post_tag","embeddable":true,"href":"https:\/\/www.comitenervo.fr\/index.php?rest_route=%2Fwp%2Fv2%2Ftags&post=3260"}],"curies":[{"name":"wp","href":"https:\/\/api.w.org\/{rel}","templated":true}]}}