{"id":326,"date":"2011-12-13T21:17:42","date_gmt":"2011-12-13T20:17:42","guid":{"rendered":"https:\/\/www.comitenervo.fr\/?p=326"},"modified":"2012-08-08T22:32:45","modified_gmt":"2012-08-08T20:32:45","slug":"reception-des-aines-du-mercredi-17-novembre-2011","status":"publish","type":"post","link":"https:\/\/www.comitenervo.fr\/?p=326","title":{"rendered":"RECEPTION DES A\u00ceNES DU MERCREDI 17 NOVEMBRE 2011"},"content":{"rendered":"<p>Beaucoup de monde ( plus de 160 personnes),ce mercredi 17 novembre \u00e0 la salle de la Jeunesse pour la traditionnelle r\u00e9ception des a\u00een\u00e9s du quartier Nervo.<\/p>\n<p>Le comit\u00e9 avait d\u00e9cid\u00e9 d&rsquo;organiser cette r\u00e9ception \u00e0 la salle de la jeunesse (mise gracieusement \u00e0 disposition par la municipalit\u00e9) afin que la troupe patoisante puisse placer tout ses d\u00e9cors et aussi permettre aux personnes ext\u00e9rieures au quartier\u00a0 de participer \u00e0 la f\u00eate.<\/p>\n<p>Apr\u00e8s le caf\u00e9, les biscuits, le traditionnel g\u00e2teau et une petite coupe de boisson p\u00e9tillante,les participants ont pu appr\u00e9cier la sympathique troupe patoisante des \u00ab\u00a0Rouchissants de Valenciennes\u00a0\u00bb.<\/p>\n<p>Ce f\u00fbt un grand succ\u00e8s \u00e0 mettre \u00e0 l&rsquo;actif du comit\u00e9 dynamique emmen\u00e9 par son pr\u00e9sident Daniel WUILBEAUX.<\/p>\n<p>Des photos de la r\u00e9ception et des personnes pr\u00e9sentes ainsi qu&rsquo;une vid\u00e9o seront propos\u00e9es\u00a0 bient\u00f4t sur ce site.<\/p>\n","protected":false},"excerpt":{"rendered":"<p>Beaucoup de monde ( plus de 160 personnes),ce mercredi 17 novembre \u00e0 la salle de la Jeunesse pour la traditionnelle r\u00e9ception des a\u00een\u00e9s du quartier Nervo. Le comit\u00e9 avait d\u00e9cid\u00e9 d&rsquo;organiser cette r\u00e9ception \u00e0 la salle de la jeunesse (mise &hellip; <a href=\"https:\/\/www.comitenervo.fr\/?p=326\">Continuer la lecture <span class=\"meta-nav\">&rarr;<\/span><\/a><\/p>\n","protected":false},"author":2,"featured_media":0,"comment_status":"open","ping_status":"open","sticky":false,"template":"","format":"standard","meta":{"_monsterinsights_skip_tracking":false,"_monsterinsights_sitenote_active":false,"_monsterinsights_sitenote_note":"","_monsterinsights_sitenote_category":0,"ngg_post_thumbnail":0,"footnotes":""},"categories":[7,9],"tags":[],"class_list":["post-326","post","type-post","status-publish","format-standard","hentry","category-anciens-de-la-cite","category-evenement"],"_links":{"self":[{"href":"https:\/\/www.comitenervo.fr\/index.php?rest_route=\/wp\/v2\/posts\/326","targetHints":{"allow":["GET"]}}],"collection":[{"href":"https:\/\/www.comitenervo.fr\/index.php?rest_route=\/wp\/v2\/posts"}],"about":[{"href":"https:\/\/www.comitenervo.fr\/index.php?rest_route=\/wp\/v2\/types\/post"}],"author":[{"embeddable":true,"href":"https:\/\/www.comitenervo.fr\/index.php?rest_route=\/wp\/v2\/users\/2"}],"replies":[{"embeddable":true,"href":"https:\/\/www.comitenervo.fr\/index.php?rest_route=%2Fwp%2Fv2%2Fcomments&post=326"}],"version-history":[{"count":10,"href":"https:\/\/www.comitenervo.fr\/index.php?rest_route=\/wp\/v2\/posts\/326\/revisions"}],"predecessor-version":[{"id":828,"href":"https:\/\/www.comitenervo.fr\/index.php?rest_route=\/wp\/v2\/posts\/326\/revisions\/828"}],"wp:attachment":[{"href":"https:\/\/www.comitenervo.fr\/index.php?rest_route=%2Fwp%2Fv2%2Fmedia&parent=326"}],"wp:term":[{"taxonomy":"category","embeddable":true,"href":"https:\/\/www.comitenervo.fr\/index.php?rest_route=%2Fwp%2Fv2%2Fcategories&post=326"},{"taxonomy":"post_tag","embeddable":true,"href":"https:\/\/www.comitenervo.fr\/index.php?rest_route=%2Fwp%2Fv2%2Ftags&post=326"}],"curies":[{"name":"wp","href":"https:\/\/api.w.org\/{rel}","templated":true}]}}