{"id":3252,"date":"2015-12-06T10:14:01","date_gmt":"2015-12-06T09:14:01","guid":{"rendered":"https:\/\/www.comitenervo.fr\/?p=3252"},"modified":"2018-10-28T12:13:23","modified_gmt":"2018-10-28T11:13:23","slug":"noel-des-enfants-2","status":"publish","type":"post","link":"https:\/\/www.comitenervo.fr\/?p=3252","title":{"rendered":"NO\u00cbL DES ENFANTS;"},"content":{"rendered":"<p>Cette ann\u00e9e le No\u00ebl des enfants aura lieu le samedi 19 d\u00e9cembre \u00e0 partir de 15h00.<\/p>\n<p>En plus de la remise de sachets de friandises aux enfants de moins de 13 ans du quartier, des animations seront propos\u00e9es:<\/p>\n<p>** La course des P\u00e8res No\u00ebl ,organis\u00e9e par le club d&rsquo;athl\u00e9tisme d&rsquo;Escaudain ,qui se d\u00e9roulera dans les all\u00e9es de la cit\u00e9.<\/p>\n<div id=\"attachment_3253\" style=\"width: 160px\" class=\"wp-caption alignright\"><a href=\"https:\/\/www.comitenervo.fr\/wp-content\/uploads\/2015\/12\/course-come.jpg\"><img loading=\"lazy\" decoding=\"async\" aria-describedby=\"caption-attachment-3253\" class=\"size-thumbnail wp-image-3253\" src=\"https:\/\/www.comitenervo.fr\/wp-content\/uploads\/2015\/12\/course-come-150x150.jpg\" alt=\"Course des P\u00e8res No\u00ebl\" width=\"150\" height=\"150\" \/><\/a><p id=\"caption-attachment-3253\" class=\"wp-caption-text\">Course des P\u00e8res No\u00ebl<\/p><\/div>\n<p>** Des stands de souvenirs de No\u00ebl seront install\u00e9s pr\u00e8s du chapiteau du comit\u00e9.<\/p>\n<p>** Enfin, des cr\u00eapes,\u00a0 des marrons, des g\u00e2teaux polonais , du caf\u00e9, du vin chaud vous seront propos\u00e9s.<\/p>\n<p>** Il faut souhaiter que la m\u00e9t\u00e9o nous soit favorable !!!!!!<\/p>\n<p><a href=\"https:\/\/www.comitenervo.fr\/wp-content\/uploads\/2015\/12\/affiche-fph-noel2015.jpg\"><img loading=\"lazy\" decoding=\"async\" class=\"alignleft size-thumbnail wp-image-3256\" src=\"https:\/\/www.comitenervo.fr\/wp-content\/uploads\/2015\/12\/affiche-fph-noel2015-150x150.jpg\" alt=\"affiche fph noel2015\" width=\"150\" height=\"150\" \/><\/a><\/p>\n","protected":false},"excerpt":{"rendered":"<p>Cette ann\u00e9e le No\u00ebl des enfants aura lieu le samedi 19 d\u00e9cembre \u00e0 partir de 15h00. En plus de la remise de sachets de friandises aux enfants de moins de 13 ans du quartier, des animations seront propos\u00e9es: ** La &hellip; <a href=\"https:\/\/www.comitenervo.fr\/?p=3252\">Continuer la lecture <span class=\"meta-nav\">&rarr;<\/span><\/a><\/p>\n","protected":false},"author":2,"featured_media":0,"comment_status":"open","ping_status":"open","sticky":false,"template":"","format":"standard","meta":{"_monsterinsights_skip_tracking":false,"_monsterinsights_sitenote_active":false,"_monsterinsights_sitenote_note":"","_monsterinsights_sitenote_category":0,"ngg_post_thumbnail":0,"footnotes":""},"categories":[9,6],"tags":[],"class_list":["post-3252","post","type-post","status-publish","format-standard","hentry","category-evenement","category-vie-de-la-cite"],"_links":{"self":[{"href":"https:\/\/www.comitenervo.fr\/index.php?rest_route=\/wp\/v2\/posts\/3252","targetHints":{"allow":["GET"]}}],"collection":[{"href":"https:\/\/www.comitenervo.fr\/index.php?rest_route=\/wp\/v2\/posts"}],"about":[{"href":"https:\/\/www.comitenervo.fr\/index.php?rest_route=\/wp\/v2\/types\/post"}],"author":[{"embeddable":true,"href":"https:\/\/www.comitenervo.fr\/index.php?rest_route=\/wp\/v2\/users\/2"}],"replies":[{"embeddable":true,"href":"https:\/\/www.comitenervo.fr\/index.php?rest_route=%2Fwp%2Fv2%2Fcomments&post=3252"}],"version-history":[{"count":3,"href":"https:\/\/www.comitenervo.fr\/index.php?rest_route=\/wp\/v2\/posts\/3252\/revisions"}],"predecessor-version":[{"id":3258,"href":"https:\/\/www.comitenervo.fr\/index.php?rest_route=\/wp\/v2\/posts\/3252\/revisions\/3258"}],"wp:attachment":[{"href":"https:\/\/www.comitenervo.fr\/index.php?rest_route=%2Fwp%2Fv2%2Fmedia&parent=3252"}],"wp:term":[{"taxonomy":"category","embeddable":true,"href":"https:\/\/www.comitenervo.fr\/index.php?rest_route=%2Fwp%2Fv2%2Fcategories&post=3252"},{"taxonomy":"post_tag","embeddable":true,"href":"https:\/\/www.comitenervo.fr\/index.php?rest_route=%2Fwp%2Fv2%2Ftags&post=3252"}],"curies":[{"name":"wp","href":"https:\/\/api.w.org\/{rel}","templated":true}]}}