{"id":3071,"date":"2015-11-30T10:31:35","date_gmt":"2015-11-30T09:31:35","guid":{"rendered":"https:\/\/www.comitenervo.fr\/?p=3071"},"modified":"2018-10-28T12:12:56","modified_gmt":"2018-10-28T11:12:56","slug":"fete-des-aines-meme-pas-peur","status":"publish","type":"post","link":"https:\/\/www.comitenervo.fr\/?p=3071","title":{"rendered":"F\u00caTE DES A\u00ceN\u00c9S: M\u00caME PAS PEUR."},"content":{"rendered":"<p>Les circonstances ont fait que le bal Country a \u00e9t\u00e9 report\u00e9 ( au samedi 23 janvier).<\/p>\n<p>Mais, le comit\u00e9 a eu raison de maintenir la f\u00eate des A\u00een\u00e9s ; plus de 200 personnes ont r\u00e9pondu \u00e0 l&rsquo;invitation des responsables et ont appr\u00e9ci\u00e9 , encore une fois, la prestation de l&rsquo;orchestre \u00ab\u00a0Les Wizards\u00a0\u00bb.<\/p>\n<p>Bien s\u00fbr la minute de silence, en hommage aux victimes de Paris, f\u00fbt particuli\u00e8rement \u00e9mouvante mais le sentiment g\u00e9n\u00e9ral de continuer \u00a0\u00bb \u00e0 vivre\u00a0\u00bb a \u00e9t\u00e9 particuli\u00e8rement perceptible.<\/p>\n<div id=\"attachment_3073\" style=\"width: 310px\" class=\"wp-caption alignleft\"><a href=\"https:\/\/www.comitenervo.fr\/wp-content\/uploads\/2015\/11\/P1020193.jpg\"><img loading=\"lazy\" decoding=\"async\" aria-describedby=\"caption-attachment-3073\" class=\"size-medium wp-image-3073\" src=\"https:\/\/www.comitenervo.fr\/wp-content\/uploads\/2015\/11\/P1020193-300x225.jpg\" alt=\"Minute de silence.\" width=\"300\" height=\"225\" srcset=\"https:\/\/www.comitenervo.fr\/wp-content\/uploads\/2015\/11\/P1020193-300x225.jpg 300w, https:\/\/www.comitenervo.fr\/wp-content\/uploads\/2015\/11\/P1020193-1024x768.jpg 1024w, https:\/\/www.comitenervo.fr\/wp-content\/uploads\/2015\/11\/P1020193-150x113.jpg 150w, https:\/\/www.comitenervo.fr\/wp-content\/uploads\/2015\/11\/P1020193-400x300.jpg 400w\" sizes=\"auto, (max-width: 300px) 100vw, 300px\" \/><\/a><p id=\"caption-attachment-3073\" class=\"wp-caption-text\">Minute de silence.<\/p><\/div>\n<div id=\"attachment_3075\" style=\"width: 310px\" class=\"wp-caption alignright\"><a href=\"https:\/\/www.comitenervo.fr\/wp-content\/uploads\/2015\/11\/P1020216.jpg\"><img loading=\"lazy\" decoding=\"async\" aria-describedby=\"caption-attachment-3075\" class=\"size-medium wp-image-3075\" src=\"https:\/\/www.comitenervo.fr\/wp-content\/uploads\/2015\/11\/P1020216-300x225.jpg\" alt=\"Avec Charly\" width=\"300\" height=\"225\" srcset=\"https:\/\/www.comitenervo.fr\/wp-content\/uploads\/2015\/11\/P1020216-300x225.jpg 300w, https:\/\/www.comitenervo.fr\/wp-content\/uploads\/2015\/11\/P1020216-1024x768.jpg 1024w, https:\/\/www.comitenervo.fr\/wp-content\/uploads\/2015\/11\/P1020216-150x113.jpg 150w, https:\/\/www.comitenervo.fr\/wp-content\/uploads\/2015\/11\/P1020216-400x300.jpg 400w\" sizes=\"auto, (max-width: 300px) 100vw, 300px\" \/><\/a><p id=\"caption-attachment-3075\" class=\"wp-caption-text\">Avec\u00a0 Charlie<\/p><\/div>\n","protected":false},"excerpt":{"rendered":"<p>Les circonstances ont fait que le bal Country a \u00e9t\u00e9 report\u00e9 ( au samedi 23 janvier). Mais, le comit\u00e9 a eu raison de maintenir la f\u00eate des A\u00een\u00e9s ; plus de 200 personnes ont r\u00e9pondu \u00e0 l&rsquo;invitation des responsables et &hellip; <a href=\"https:\/\/www.comitenervo.fr\/?p=3071\">Continuer la lecture <span class=\"meta-nav\">&rarr;<\/span><\/a><\/p>\n","protected":false},"author":2,"featured_media":0,"comment_status":"open","ping_status":"open","sticky":false,"template":"","format":"standard","meta":{"_monsterinsights_skip_tracking":false,"_monsterinsights_sitenote_active":false,"_monsterinsights_sitenote_note":"","_monsterinsights_sitenote_category":0,"ngg_post_thumbnail":0,"footnotes":""},"categories":[7,9],"tags":[],"class_list":["post-3071","post","type-post","status-publish","format-standard","hentry","category-anciens-de-la-cite","category-evenement"],"_links":{"self":[{"href":"https:\/\/www.comitenervo.fr\/index.php?rest_route=\/wp\/v2\/posts\/3071","targetHints":{"allow":["GET"]}}],"collection":[{"href":"https:\/\/www.comitenervo.fr\/index.php?rest_route=\/wp\/v2\/posts"}],"about":[{"href":"https:\/\/www.comitenervo.fr\/index.php?rest_route=\/wp\/v2\/types\/post"}],"author":[{"embeddable":true,"href":"https:\/\/www.comitenervo.fr\/index.php?rest_route=\/wp\/v2\/users\/2"}],"replies":[{"embeddable":true,"href":"https:\/\/www.comitenervo.fr\/index.php?rest_route=%2Fwp%2Fv2%2Fcomments&post=3071"}],"version-history":[{"count":3,"href":"https:\/\/www.comitenervo.fr\/index.php?rest_route=\/wp\/v2\/posts\/3071\/revisions"}],"predecessor-version":[{"id":3077,"href":"https:\/\/www.comitenervo.fr\/index.php?rest_route=\/wp\/v2\/posts\/3071\/revisions\/3077"}],"wp:attachment":[{"href":"https:\/\/www.comitenervo.fr\/index.php?rest_route=%2Fwp%2Fv2%2Fmedia&parent=3071"}],"wp:term":[{"taxonomy":"category","embeddable":true,"href":"https:\/\/www.comitenervo.fr\/index.php?rest_route=%2Fwp%2Fv2%2Fcategories&post=3071"},{"taxonomy":"post_tag","embeddable":true,"href":"https:\/\/www.comitenervo.fr\/index.php?rest_route=%2Fwp%2Fv2%2Ftags&post=3071"}],"curies":[{"name":"wp","href":"https:\/\/api.w.org\/{rel}","templated":true}]}}