{"id":3057,"date":"2015-10-14T09:23:43","date_gmt":"2015-10-14T07:23:43","guid":{"rendered":"https:\/\/www.comitenervo.fr\/?p=3057"},"modified":"2018-10-28T12:12:35","modified_gmt":"2018-10-28T11:12:35","slug":"bal-country-2","status":"publish","type":"post","link":"https:\/\/www.comitenervo.fr\/?p=3057","title":{"rendered":"BAL COUNTRY"},"content":{"rendered":"<p>En partenariat avec le Basket F\u00e9minin, le comit\u00e9 organise son traditionnel bal country qui sera anim\u00e9 cette ann\u00e9e par \u00a0\u00bb Mimuzik\u00a0\u00bb.<\/p>\n<p>Renseignements et inscriptions aux 06\/70\/34\/90\/33 et 06\/82\/30\/68\/80.<\/p>\n<p><a href=\"https:\/\/www.comitenervo.fr\/wp-content\/uploads\/2015\/10\/country.jpg\"><img loading=\"lazy\" decoding=\"async\" class=\"size-medium wp-image-3058\" src=\"https:\/\/www.comitenervo.fr\/wp-content\/uploads\/2015\/10\/country-210x300.jpg\" alt=\"Bal country\" width=\"210\" height=\"300\" srcset=\"https:\/\/www.comitenervo.fr\/wp-content\/uploads\/2015\/10\/country-210x300.jpg 210w, https:\/\/www.comitenervo.fr\/wp-content\/uploads\/2015\/10\/country-715x1024.jpg 715w, https:\/\/www.comitenervo.fr\/wp-content\/uploads\/2015\/10\/country-105x150.jpg 105w, https:\/\/www.comitenervo.fr\/wp-content\/uploads\/2015\/10\/country-400x573.jpg 400w, https:\/\/www.comitenervo.fr\/wp-content\/uploads\/2015\/10\/country.jpg 816w\" sizes=\"auto, (max-width: 210px) 100vw, 210px\" \/><\/a><\/p>\n","protected":false},"excerpt":{"rendered":"<p>En partenariat avec le Basket F\u00e9minin, le comit\u00e9 organise son traditionnel bal country qui sera anim\u00e9 cette ann\u00e9e par \u00a0\u00bb Mimuzik\u00a0\u00bb. Renseignements et inscriptions aux 06\/70\/34\/90\/33 et 06\/82\/30\/68\/80.<\/p>\n","protected":false},"author":2,"featured_media":0,"comment_status":"open","ping_status":"open","sticky":false,"template":"","format":"standard","meta":{"_monsterinsights_skip_tracking":false,"_monsterinsights_sitenote_active":false,"_monsterinsights_sitenote_note":"","_monsterinsights_sitenote_category":0,"ngg_post_thumbnail":0,"footnotes":""},"categories":[9],"tags":[],"class_list":["post-3057","post","type-post","status-publish","format-standard","hentry","category-evenement"],"_links":{"self":[{"href":"https:\/\/www.comitenervo.fr\/index.php?rest_route=\/wp\/v2\/posts\/3057","targetHints":{"allow":["GET"]}}],"collection":[{"href":"https:\/\/www.comitenervo.fr\/index.php?rest_route=\/wp\/v2\/posts"}],"about":[{"href":"https:\/\/www.comitenervo.fr\/index.php?rest_route=\/wp\/v2\/types\/post"}],"author":[{"embeddable":true,"href":"https:\/\/www.comitenervo.fr\/index.php?rest_route=\/wp\/v2\/users\/2"}],"replies":[{"embeddable":true,"href":"https:\/\/www.comitenervo.fr\/index.php?rest_route=%2Fwp%2Fv2%2Fcomments&post=3057"}],"version-history":[{"count":2,"href":"https:\/\/www.comitenervo.fr\/index.php?rest_route=\/wp\/v2\/posts\/3057\/revisions"}],"predecessor-version":[{"id":3060,"href":"https:\/\/www.comitenervo.fr\/index.php?rest_route=\/wp\/v2\/posts\/3057\/revisions\/3060"}],"wp:attachment":[{"href":"https:\/\/www.comitenervo.fr\/index.php?rest_route=%2Fwp%2Fv2%2Fmedia&parent=3057"}],"wp:term":[{"taxonomy":"category","embeddable":true,"href":"https:\/\/www.comitenervo.fr\/index.php?rest_route=%2Fwp%2Fv2%2Fcategories&post=3057"},{"taxonomy":"post_tag","embeddable":true,"href":"https:\/\/www.comitenervo.fr\/index.php?rest_route=%2Fwp%2Fv2%2Ftags&post=3057"}],"curies":[{"name":"wp","href":"https:\/\/api.w.org\/{rel}","templated":true}]}}