{"id":3041,"date":"2015-08-20T11:14:21","date_gmt":"2015-08-20T09:14:21","guid":{"rendered":"https:\/\/www.comitenervo.fr\/?p=3041"},"modified":"2018-10-28T12:12:24","modified_gmt":"2018-10-28T11:12:24","slug":"berck-bagatelle-et-pas-de-pluie","status":"publish","type":"post","link":"https:\/\/www.comitenervo.fr\/?p=3041","title":{"rendered":"BERCK-BAGATELLE:   ET PAS DE  PLUIE !!!!!!!!"},"content":{"rendered":"<p>Contrairement \u00e0 l&rsquo;ann\u00e9e pass\u00e9e, nous avons eu droit \u00e0 une journ\u00e9e sans pluie; bien s\u00fbr pas trop de soleil (il faut pas trop en demander) mais une journ\u00e9e agr\u00e9able tout de m\u00eame.<\/p>\n<p>Moules-frites, balades , petits bains de pieds ou baignades pour les plus t\u00e9m\u00e9raires, enfin une journ\u00e9e bien remplie pour ceux qui avaient choisi BERCK et aussi pour les autres\u00a0\u00a0 qui avaient opt\u00e9 pour le parc Bagatelle avec ses jeux et animations<\/p>\n<div id=\"attachment_3042\" style=\"width: 160px\" class=\"wp-caption alignleft\"><a href=\"https:\/\/www.comitenervo.fr\/wp-content\/uploads\/2015\/08\/P1020106RUFFIN.jpg\"><img loading=\"lazy\" decoding=\"async\" aria-describedby=\"caption-attachment-3042\" class=\"size-thumbnail wp-image-3042\" src=\"https:\/\/www.comitenervo.fr\/wp-content\/uploads\/2015\/08\/P1020106RUFFIN-150x150.jpg\" alt=\"Le photographe photographi\u00e9 !!!!!!\" width=\"150\" height=\"150\" \/><\/a><p id=\"caption-attachment-3042\" class=\"wp-caption-text\">Le photographe photographi\u00e9 !!!!!!<\/p><\/div>\n<div id=\"attachment_3043\" style=\"width: 160px\" class=\"wp-caption alignright\"><a href=\"https:\/\/www.comitenervo.fr\/wp-content\/uploads\/2015\/08\/P1020115GROUPE.jpg\"><img loading=\"lazy\" decoding=\"async\" aria-describedby=\"caption-attachment-3043\" class=\"size-thumbnail wp-image-3043\" src=\"https:\/\/www.comitenervo.fr\/wp-content\/uploads\/2015\/08\/P1020115GROUPE-150x150.jpg\" alt=\"Un groupe escaudinois.\" width=\"150\" height=\"150\" \/><\/a><p id=\"caption-attachment-3043\" class=\"wp-caption-text\">Un groupe escaudinois.<\/p><\/div>\n<p>.<\/p>\n","protected":false},"excerpt":{"rendered":"<p>Contrairement \u00e0 l&rsquo;ann\u00e9e pass\u00e9e, nous avons eu droit \u00e0 une journ\u00e9e sans pluie; bien s\u00fbr pas trop de soleil (il faut pas trop en demander) mais une journ\u00e9e agr\u00e9able tout de m\u00eame. Moules-frites, balades , petits bains de pieds ou &hellip; <a href=\"https:\/\/www.comitenervo.fr\/?p=3041\">Continuer la lecture <span class=\"meta-nav\">&rarr;<\/span><\/a><\/p>\n","protected":false},"author":2,"featured_media":0,"comment_status":"open","ping_status":"open","sticky":false,"template":"","format":"standard","meta":{"_monsterinsights_skip_tracking":false,"_monsterinsights_sitenote_active":false,"_monsterinsights_sitenote_note":"","_monsterinsights_sitenote_category":0,"ngg_post_thumbnail":0,"footnotes":""},"categories":[8],"tags":[],"class_list":["post-3041","post","type-post","status-publish","format-standard","hentry","category-voyage"],"_links":{"self":[{"href":"https:\/\/www.comitenervo.fr\/index.php?rest_route=\/wp\/v2\/posts\/3041","targetHints":{"allow":["GET"]}}],"collection":[{"href":"https:\/\/www.comitenervo.fr\/index.php?rest_route=\/wp\/v2\/posts"}],"about":[{"href":"https:\/\/www.comitenervo.fr\/index.php?rest_route=\/wp\/v2\/types\/post"}],"author":[{"embeddable":true,"href":"https:\/\/www.comitenervo.fr\/index.php?rest_route=\/wp\/v2\/users\/2"}],"replies":[{"embeddable":true,"href":"https:\/\/www.comitenervo.fr\/index.php?rest_route=%2Fwp%2Fv2%2Fcomments&post=3041"}],"version-history":[{"count":2,"href":"https:\/\/www.comitenervo.fr\/index.php?rest_route=\/wp\/v2\/posts\/3041\/revisions"}],"predecessor-version":[{"id":3045,"href":"https:\/\/www.comitenervo.fr\/index.php?rest_route=\/wp\/v2\/posts\/3041\/revisions\/3045"}],"wp:attachment":[{"href":"https:\/\/www.comitenervo.fr\/index.php?rest_route=%2Fwp%2Fv2%2Fmedia&parent=3041"}],"wp:term":[{"taxonomy":"category","embeddable":true,"href":"https:\/\/www.comitenervo.fr\/index.php?rest_route=%2Fwp%2Fv2%2Fcategories&post=3041"},{"taxonomy":"post_tag","embeddable":true,"href":"https:\/\/www.comitenervo.fr\/index.php?rest_route=%2Fwp%2Fv2%2Ftags&post=3041"}],"curies":[{"name":"wp","href":"https:\/\/api.w.org\/{rel}","templated":true}]}}