{"id":3029,"date":"2015-08-04T21:37:24","date_gmt":"2015-08-04T19:37:24","guid":{"rendered":"https:\/\/www.comitenervo.fr\/?p=3029"},"modified":"2018-10-28T12:12:06","modified_gmt":"2018-10-28T11:12:06","slug":"excursion-a-berck-bagatelle","status":"publish","type":"post","link":"https:\/\/www.comitenervo.fr\/?p=3029","title":{"rendered":"EXCURSION A BERCK-BAGATELLE."},"content":{"rendered":"<p>Sortie traditionnelle sur la c\u00f4te: Berck pour la plage <em><strong>ou<\/strong> <\/em>Bagatelle pour le parc.<\/p>\n<p>Jusqu&rsquo;au 30 juillet , inscriptions r\u00e9serv\u00e9es aux adh\u00e9rents et ensuite pour les possesseurs de cartes de soutien.<\/p>\n<p>Cierge \u00e0 St Rita pour que le soleil soit de la partie !!!!!!!!<\/p>\n<div id=\"attachment_3031\" style=\"width: 220px\" class=\"wp-caption aligncenter\"><a href=\"https:\/\/www.comitenervo.fr\/wp-content\/uploads\/2015\/08\/BERCK-SITE.jpg\"><img loading=\"lazy\" decoding=\"async\" aria-describedby=\"caption-attachment-3031\" class=\"size-medium wp-image-3031\" src=\"https:\/\/www.comitenervo.fr\/wp-content\/uploads\/2015\/08\/BERCK-SITE-210x300.jpg\" alt=\"affiche de l'excursion.\" width=\"210\" height=\"300\" srcset=\"https:\/\/www.comitenervo.fr\/wp-content\/uploads\/2015\/08\/BERCK-SITE-210x300.jpg 210w, https:\/\/www.comitenervo.fr\/wp-content\/uploads\/2015\/08\/BERCK-SITE-715x1024.jpg 715w, https:\/\/www.comitenervo.fr\/wp-content\/uploads\/2015\/08\/BERCK-SITE-105x150.jpg 105w, https:\/\/www.comitenervo.fr\/wp-content\/uploads\/2015\/08\/BERCK-SITE-400x573.jpg 400w, https:\/\/www.comitenervo.fr\/wp-content\/uploads\/2015\/08\/BERCK-SITE.jpg 816w\" sizes=\"auto, (max-width: 210px) 100vw, 210px\" \/><\/a><p id=\"caption-attachment-3031\" class=\"wp-caption-text\">affiche de l&rsquo;excursion.<\/p><\/div>\n","protected":false},"excerpt":{"rendered":"<p>Sortie traditionnelle sur la c\u00f4te: Berck pour la plage ou Bagatelle pour le parc. Jusqu&rsquo;au 30 juillet , inscriptions r\u00e9serv\u00e9es aux adh\u00e9rents et ensuite pour les possesseurs de cartes de soutien. Cierge \u00e0 St Rita pour que le soleil soit &hellip; <a href=\"https:\/\/www.comitenervo.fr\/?p=3029\">Continuer la lecture <span class=\"meta-nav\">&rarr;<\/span><\/a><\/p>\n","protected":false},"author":2,"featured_media":0,"comment_status":"open","ping_status":"open","sticky":false,"template":"","format":"standard","meta":{"_monsterinsights_skip_tracking":false,"_monsterinsights_sitenote_active":false,"_monsterinsights_sitenote_note":"","_monsterinsights_sitenote_category":0,"ngg_post_thumbnail":0,"footnotes":""},"categories":[8],"tags":[],"class_list":["post-3029","post","type-post","status-publish","format-standard","hentry","category-voyage"],"_links":{"self":[{"href":"https:\/\/www.comitenervo.fr\/index.php?rest_route=\/wp\/v2\/posts\/3029","targetHints":{"allow":["GET"]}}],"collection":[{"href":"https:\/\/www.comitenervo.fr\/index.php?rest_route=\/wp\/v2\/posts"}],"about":[{"href":"https:\/\/www.comitenervo.fr\/index.php?rest_route=\/wp\/v2\/types\/post"}],"author":[{"embeddable":true,"href":"https:\/\/www.comitenervo.fr\/index.php?rest_route=\/wp\/v2\/users\/2"}],"replies":[{"embeddable":true,"href":"https:\/\/www.comitenervo.fr\/index.php?rest_route=%2Fwp%2Fv2%2Fcomments&post=3029"}],"version-history":[{"count":1,"href":"https:\/\/www.comitenervo.fr\/index.php?rest_route=\/wp\/v2\/posts\/3029\/revisions"}],"predecessor-version":[{"id":3032,"href":"https:\/\/www.comitenervo.fr\/index.php?rest_route=\/wp\/v2\/posts\/3029\/revisions\/3032"}],"wp:attachment":[{"href":"https:\/\/www.comitenervo.fr\/index.php?rest_route=%2Fwp%2Fv2%2Fmedia&parent=3029"}],"wp:term":[{"taxonomy":"category","embeddable":true,"href":"https:\/\/www.comitenervo.fr\/index.php?rest_route=%2Fwp%2Fv2%2Fcategories&post=3029"},{"taxonomy":"post_tag","embeddable":true,"href":"https:\/\/www.comitenervo.fr\/index.php?rest_route=%2Fwp%2Fv2%2Ftags&post=3029"}],"curies":[{"name":"wp","href":"https:\/\/api.w.org\/{rel}","templated":true}]}}