{"id":3023,"date":"2015-07-17T08:16:11","date_gmt":"2015-07-17T06:16:11","guid":{"rendered":"https:\/\/www.comitenervo.fr\/?p=3023"},"modified":"2018-10-28T12:11:59","modified_gmt":"2018-10-28T11:11:59","slug":"des-representants-de-la-caf-en-visite-dans-le-quartier","status":"publish","type":"post","link":"https:\/\/www.comitenervo.fr\/?p=3023","title":{"rendered":"DES REPR\u00c9SENTANTS DE LA CAF EN VISITE DANS LE QUARTIER."},"content":{"rendered":"<p>Mlle Facon et Mr Marone, repr\u00e9sentants de la CAF ont r\u00e9pondu favorablement \u00e0 l&rsquo;invitation du pr\u00e9sident D.Wuilbeaux afin de pr\u00e9parer la mise en place du local associatif et aussi expliquer les nouvelles proc\u00e9dures concernant les subventions.<\/p>\n<p>La r\u00e9union a eu lieu dans la salle \u00e0 manger du pr\u00e9sident en attendant le nouveau local !!!!!!!<\/p>\n<p>Des opportunit\u00e9s sont envisageables et Mlle Facon et Mr Marone nous ont assur\u00e9s de leurs soutiens.<\/p>\n<div id=\"attachment_3024\" style=\"width: 160px\" class=\"wp-caption alignleft\"><a href=\"https:\/\/www.comitenervo.fr\/wp-content\/uploads\/2015\/07\/P1020061caf-wuilbeaux.jpg\"><img loading=\"lazy\" decoding=\"async\" aria-describedby=\"caption-attachment-3024\" class=\"size-thumbnail wp-image-3024\" src=\"https:\/\/www.comitenervo.fr\/wp-content\/uploads\/2015\/07\/P1020061caf-wuilbeaux-150x150.jpg\" alt=\"Lors de la r\u00e9union.\" width=\"150\" height=\"150\" \/><\/a><p id=\"caption-attachment-3024\" class=\"wp-caption-text\">Lors de la r\u00e9union.<\/p><\/div>\n<div id=\"attachment_3025\" style=\"width: 160px\" class=\"wp-caption alignright\"><a href=\"https:\/\/www.comitenervo.fr\/wp-content\/uploads\/2015\/07\/P1020063caf-gabriel.jpg\"><img loading=\"lazy\" decoding=\"async\" aria-describedby=\"caption-attachment-3025\" class=\"size-thumbnail wp-image-3025\" src=\"https:\/\/www.comitenervo.fr\/wp-content\/uploads\/2015\/07\/P1020063caf-gabriel-150x150.jpg\" alt=\"Visite du futur local.\" width=\"150\" height=\"150\" \/><\/a><p id=\"caption-attachment-3025\" class=\"wp-caption-text\">Visite du futur local.<\/p><\/div>\n","protected":false},"excerpt":{"rendered":"<p>Mlle Facon et Mr Marone, repr\u00e9sentants de la CAF ont r\u00e9pondu favorablement \u00e0 l&rsquo;invitation du pr\u00e9sident D.Wuilbeaux afin de pr\u00e9parer la mise en place du local associatif et aussi expliquer les nouvelles proc\u00e9dures concernant les subventions. La r\u00e9union a eu &hellip; <a href=\"https:\/\/www.comitenervo.fr\/?p=3023\">Continuer la lecture <span class=\"meta-nav\">&rarr;<\/span><\/a><\/p>\n","protected":false},"author":2,"featured_media":0,"comment_status":"open","ping_status":"open","sticky":false,"template":"","format":"standard","meta":{"_monsterinsights_skip_tracking":false,"_monsterinsights_sitenote_active":false,"_monsterinsights_sitenote_note":"","_monsterinsights_sitenote_category":0,"ngg_post_thumbnail":0,"footnotes":""},"categories":[10,6],"tags":[],"class_list":["post-3023","post","type-post","status-publish","format-standard","hentry","category-portrait","category-vie-de-la-cite"],"_links":{"self":[{"href":"https:\/\/www.comitenervo.fr\/index.php?rest_route=\/wp\/v2\/posts\/3023","targetHints":{"allow":["GET"]}}],"collection":[{"href":"https:\/\/www.comitenervo.fr\/index.php?rest_route=\/wp\/v2\/posts"}],"about":[{"href":"https:\/\/www.comitenervo.fr\/index.php?rest_route=\/wp\/v2\/types\/post"}],"author":[{"embeddable":true,"href":"https:\/\/www.comitenervo.fr\/index.php?rest_route=\/wp\/v2\/users\/2"}],"replies":[{"embeddable":true,"href":"https:\/\/www.comitenervo.fr\/index.php?rest_route=%2Fwp%2Fv2%2Fcomments&post=3023"}],"version-history":[{"count":2,"href":"https:\/\/www.comitenervo.fr\/index.php?rest_route=\/wp\/v2\/posts\/3023\/revisions"}],"predecessor-version":[{"id":3027,"href":"https:\/\/www.comitenervo.fr\/index.php?rest_route=\/wp\/v2\/posts\/3023\/revisions\/3027"}],"wp:attachment":[{"href":"https:\/\/www.comitenervo.fr\/index.php?rest_route=%2Fwp%2Fv2%2Fmedia&parent=3023"}],"wp:term":[{"taxonomy":"category","embeddable":true,"href":"https:\/\/www.comitenervo.fr\/index.php?rest_route=%2Fwp%2Fv2%2Fcategories&post=3023"},{"taxonomy":"post_tag","embeddable":true,"href":"https:\/\/www.comitenervo.fr\/index.php?rest_route=%2Fwp%2Fv2%2Ftags&post=3023"}],"curies":[{"name":"wp","href":"https:\/\/api.w.org\/{rel}","templated":true}]}}