{"id":292,"date":"2011-11-23T15:42:11","date_gmt":"2011-11-23T14:42:11","guid":{"rendered":"https:\/\/www.comitenervo.fr\/?p=292"},"modified":"2012-08-08T22:44:22","modified_gmt":"2012-08-08T20:44:22","slug":"marche-de-noel-a-arras","status":"publish","type":"post","link":"https:\/\/www.comitenervo.fr\/?p=292","title":{"rendered":"MARCHE  DE  NO\u00cbL  A  ARRAS"},"content":{"rendered":"<p>Le comit\u00e9\u00a0 organise une excursion au march\u00e9 de no\u00ebl d&rsquo;Arras, le samedi 17 d\u00e9cembre 2011.<\/p>\n<p>D\u00e9part \u00e0 14h30\u00a0 au parking du caf\u00e9 de la Chapelle.<\/p>\n<p>Retour vers 20h30 au m\u00eame endroit.<\/p>\n<p><del><\/del>Tarifs :\u00a0 4\u20ac\u00a0 pour les adultes.<\/p>\n<p>2\u20ac pour les enfants de moins de 12 ans.<\/p>\n<p>Renseignements et inscriptions aux 23 ou 24 all\u00e9e de Nervo.<\/p>\n<p>T\u00e9l.\u00a0 03\/27\/31\/75\/57.<\/p>\n<p>06\/82\/30\/68\/80.<a href=\"https:\/\/www.comitenervo.fr\/wp-content\/uploads\/2011\/11\/arras-2011.jpg\"><img loading=\"lazy\" decoding=\"async\" class=\"aligncenter size-medium wp-image-293\" title=\"arras 2011\" src=\"https:\/\/www.comitenervo.fr\/wp-content\/uploads\/2011\/11\/arras-2011-217x300.jpg\" alt=\"\" width=\"217\" height=\"300\" srcset=\"https:\/\/www.comitenervo.fr\/wp-content\/uploads\/2011\/11\/arras-2011-217x300.jpg 217w, https:\/\/www.comitenervo.fr\/wp-content\/uploads\/2011\/11\/arras-2011-743x1024.jpg 743w, https:\/\/www.comitenervo.fr\/wp-content\/uploads\/2011\/11\/arras-2011-108x150.jpg 108w, https:\/\/www.comitenervo.fr\/wp-content\/uploads\/2011\/11\/arras-2011.jpg 850w\" sizes=\"auto, (max-width: 217px) 100vw, 217px\" \/><\/a><\/p>\n<p>&nbsp;<\/p>\n<p>&nbsp;<\/p>\n","protected":false},"excerpt":{"rendered":"<p>Le comit\u00e9\u00a0 organise une excursion au march\u00e9 de no\u00ebl d&rsquo;Arras, le samedi 17 d\u00e9cembre 2011. D\u00e9part \u00e0 14h30\u00a0 au parking du caf\u00e9 de la Chapelle. Retour vers 20h30 au m\u00eame endroit. Tarifs :\u00a0 4\u20ac\u00a0 pour les adultes. 2\u20ac pour les &hellip; <a href=\"https:\/\/www.comitenervo.fr\/?p=292\">Continuer la lecture <span class=\"meta-nav\">&rarr;<\/span><\/a><\/p>\n","protected":false},"author":2,"featured_media":0,"comment_status":"open","ping_status":"open","sticky":false,"template":"","format":"standard","meta":{"_monsterinsights_skip_tracking":false,"_monsterinsights_sitenote_active":false,"_monsterinsights_sitenote_note":"","_monsterinsights_sitenote_category":0,"ngg_post_thumbnail":0,"footnotes":""},"categories":[9,8],"tags":[],"class_list":["post-292","post","type-post","status-publish","format-standard","hentry","category-evenement","category-voyage"],"_links":{"self":[{"href":"https:\/\/www.comitenervo.fr\/index.php?rest_route=\/wp\/v2\/posts\/292","targetHints":{"allow":["GET"]}}],"collection":[{"href":"https:\/\/www.comitenervo.fr\/index.php?rest_route=\/wp\/v2\/posts"}],"about":[{"href":"https:\/\/www.comitenervo.fr\/index.php?rest_route=\/wp\/v2\/types\/post"}],"author":[{"embeddable":true,"href":"https:\/\/www.comitenervo.fr\/index.php?rest_route=\/wp\/v2\/users\/2"}],"replies":[{"embeddable":true,"href":"https:\/\/www.comitenervo.fr\/index.php?rest_route=%2Fwp%2Fv2%2Fcomments&post=292"}],"version-history":[{"count":6,"href":"https:\/\/www.comitenervo.fr\/index.php?rest_route=\/wp\/v2\/posts\/292\/revisions"}],"predecessor-version":[{"id":371,"href":"https:\/\/www.comitenervo.fr\/index.php?rest_route=\/wp\/v2\/posts\/292\/revisions\/371"}],"wp:attachment":[{"href":"https:\/\/www.comitenervo.fr\/index.php?rest_route=%2Fwp%2Fv2%2Fmedia&parent=292"}],"wp:term":[{"taxonomy":"category","embeddable":true,"href":"https:\/\/www.comitenervo.fr\/index.php?rest_route=%2Fwp%2Fv2%2Fcategories&post=292"},{"taxonomy":"post_tag","embeddable":true,"href":"https:\/\/www.comitenervo.fr\/index.php?rest_route=%2Fwp%2Fv2%2Ftags&post=292"}],"curies":[{"name":"wp","href":"https:\/\/api.w.org\/{rel}","templated":true}]}}