{"id":2853,"date":"2015-06-06T06:43:29","date_gmt":"2015-06-06T04:43:29","guid":{"rendered":"https:\/\/www.comitenervo.fr\/?p=2853"},"modified":"2018-10-28T12:11:31","modified_gmt":"2018-10-28T11:11:31","slug":"le-comite-nomine","status":"publish","type":"post","link":"https:\/\/www.comitenervo.fr\/?p=2853","title":{"rendered":"LE COMIT\u00c9 NOMINE."},"content":{"rendered":"<p>Bonne nouvelle ,ce samedi 30 mai \u00e0 l&rsquo;occasion de la f\u00eate des voisins, rapport\u00e9e par Herv\u00e9 Breem adjoint :\u00a0 le comit\u00e9 a \u00e9t\u00e9 r\u00e9compens\u00e9 par la CAPH lors de la soir\u00e9e du m\u00e9rite associatif par une 2i\u00e9me place dans la cat\u00e9gorie \u00ab\u00a0M\u00e9rite de l&rsquo;action interg\u00e9n\u00e9rationnelle\u00a0\u00bb.<\/p>\n<p>Reconnaissance mais aussi un ch\u00e8que de 200\u20ac qui servira bient\u00f4t pour am\u00e9nager notre local !!!!!!!<\/p>\n<div id=\"attachment_2854\" style=\"width: 310px\" class=\"wp-caption aligncenter\"><a href=\"https:\/\/www.comitenervo.fr\/wp-content\/uploads\/2015\/06\/P1010969.jpg\"><img loading=\"lazy\" decoding=\"async\" aria-describedby=\"caption-attachment-2854\" class=\"size-medium wp-image-2854\" src=\"https:\/\/www.comitenervo.fr\/wp-content\/uploads\/2015\/06\/P1010969-300x225.jpg\" alt=\"L'adjoint, le pr\u00e9sident,des membres et le ch\u00e9que !!!\" width=\"300\" height=\"225\" srcset=\"https:\/\/www.comitenervo.fr\/wp-content\/uploads\/2015\/06\/P1010969-300x225.jpg 300w, https:\/\/www.comitenervo.fr\/wp-content\/uploads\/2015\/06\/P1010969-1024x768.jpg 1024w, https:\/\/www.comitenervo.fr\/wp-content\/uploads\/2015\/06\/P1010969-150x113.jpg 150w, https:\/\/www.comitenervo.fr\/wp-content\/uploads\/2015\/06\/P1010969-400x300.jpg 400w\" sizes=\"auto, (max-width: 300px) 100vw, 300px\" \/><\/a><p id=\"caption-attachment-2854\" class=\"wp-caption-text\">L&rsquo;adjoint, le pr\u00e9sident,des membres et le ch\u00e8que !!!<\/p><\/div>\n","protected":false},"excerpt":{"rendered":"<p>Bonne nouvelle ,ce samedi 30 mai \u00e0 l&rsquo;occasion de la f\u00eate des voisins, rapport\u00e9e par Herv\u00e9 Breem adjoint :\u00a0 le comit\u00e9 a \u00e9t\u00e9 r\u00e9compens\u00e9 par la CAPH lors de la soir\u00e9e du m\u00e9rite associatif par une 2i\u00e9me place dans la &hellip; <a href=\"https:\/\/www.comitenervo.fr\/?p=2853\">Continuer la lecture <span class=\"meta-nav\">&rarr;<\/span><\/a><\/p>\n","protected":false},"author":2,"featured_media":0,"comment_status":"open","ping_status":"open","sticky":false,"template":"","format":"standard","meta":{"_monsterinsights_skip_tracking":false,"_monsterinsights_sitenote_active":false,"_monsterinsights_sitenote_note":"","_monsterinsights_sitenote_category":0,"ngg_post_thumbnail":0,"footnotes":""},"categories":[9,10],"tags":[],"class_list":["post-2853","post","type-post","status-publish","format-standard","hentry","category-evenement","category-portrait"],"_links":{"self":[{"href":"https:\/\/www.comitenervo.fr\/index.php?rest_route=\/wp\/v2\/posts\/2853","targetHints":{"allow":["GET"]}}],"collection":[{"href":"https:\/\/www.comitenervo.fr\/index.php?rest_route=\/wp\/v2\/posts"}],"about":[{"href":"https:\/\/www.comitenervo.fr\/index.php?rest_route=\/wp\/v2\/types\/post"}],"author":[{"embeddable":true,"href":"https:\/\/www.comitenervo.fr\/index.php?rest_route=\/wp\/v2\/users\/2"}],"replies":[{"embeddable":true,"href":"https:\/\/www.comitenervo.fr\/index.php?rest_route=%2Fwp%2Fv2%2Fcomments&post=2853"}],"version-history":[{"count":1,"href":"https:\/\/www.comitenervo.fr\/index.php?rest_route=\/wp\/v2\/posts\/2853\/revisions"}],"predecessor-version":[{"id":2855,"href":"https:\/\/www.comitenervo.fr\/index.php?rest_route=\/wp\/v2\/posts\/2853\/revisions\/2855"}],"wp:attachment":[{"href":"https:\/\/www.comitenervo.fr\/index.php?rest_route=%2Fwp%2Fv2%2Fmedia&parent=2853"}],"wp:term":[{"taxonomy":"category","embeddable":true,"href":"https:\/\/www.comitenervo.fr\/index.php?rest_route=%2Fwp%2Fv2%2Fcategories&post=2853"},{"taxonomy":"post_tag","embeddable":true,"href":"https:\/\/www.comitenervo.fr\/index.php?rest_route=%2Fwp%2Fv2%2Ftags&post=2853"}],"curies":[{"name":"wp","href":"https:\/\/api.w.org\/{rel}","templated":true}]}}