{"id":2844,"date":"2015-06-06T06:03:10","date_gmt":"2015-06-06T04:03:10","guid":{"rendered":"https:\/\/www.comitenervo.fr\/?p=2844"},"modified":"2018-10-28T12:10:58","modified_gmt":"2018-10-28T11:10:58","slug":"brocante-du-dimanche-5-juillet","status":"publish","type":"post","link":"https:\/\/www.comitenervo.fr\/?p=2844","title":{"rendered":"BROCANTE DU DIMANCHE 5 JUILLET."},"content":{"rendered":"<p>La traditionnelle brocante du quartier se d\u00e9roulera le dimanche 5 juillet 2015 dans les all\u00e9es de la cit\u00e9 Nervo de 8h00 \u00e0 18h00.<\/p>\n<p>Vous pouvez d\u00e9j\u00e0 vous inscrire les lundis et mercredis de 15h00 \u00e0 18h00 et le samedi de 10h0\u00e0 12h00.<\/p>\n<div id=\"attachment_2846\" style=\"width: 222px\" class=\"wp-caption alignleft\"><a href=\"https:\/\/www.comitenervo.fr\/wp-content\/uploads\/2015\/06\/INSCRIPTION-BROCANTE-2015.jpg\"><img loading=\"lazy\" decoding=\"async\" aria-describedby=\"caption-attachment-2846\" class=\"size-medium wp-image-2846\" src=\"https:\/\/www.comitenervo.fr\/wp-content\/uploads\/2015\/06\/INSCRIPTION-BROCANTE-2015-212x300.jpg\" alt=\"Imprim\u00e9 d'inscription.\" width=\"212\" height=\"300\" srcset=\"https:\/\/www.comitenervo.fr\/wp-content\/uploads\/2015\/06\/INSCRIPTION-BROCANTE-2015-212x300.jpg 212w, https:\/\/www.comitenervo.fr\/wp-content\/uploads\/2015\/06\/INSCRIPTION-BROCANTE-2015-723x1024.jpg 723w, https:\/\/www.comitenervo.fr\/wp-content\/uploads\/2015\/06\/INSCRIPTION-BROCANTE-2015-106x150.jpg 106w, https:\/\/www.comitenervo.fr\/wp-content\/uploads\/2015\/06\/INSCRIPTION-BROCANTE-2015-400x567.jpg 400w, https:\/\/www.comitenervo.fr\/wp-content\/uploads\/2015\/06\/INSCRIPTION-BROCANTE-2015.jpg 768w\" sizes=\"auto, (max-width: 212px) 100vw, 212px\" \/><\/a><p id=\"caption-attachment-2846\" class=\"wp-caption-text\">Imprim\u00e9 d&rsquo;inscription.<\/p><\/div>\n","protected":false},"excerpt":{"rendered":"<p>La traditionnelle brocante du quartier se d\u00e9roulera le dimanche 5 juillet 2015 dans les all\u00e9es de la cit\u00e9 Nervo de 8h00 \u00e0 18h00. Vous pouvez d\u00e9j\u00e0 vous inscrire les lundis et mercredis de 15h00 \u00e0 18h00 et le samedi de &hellip; <a href=\"https:\/\/www.comitenervo.fr\/?p=2844\">Continuer la lecture <span class=\"meta-nav\">&rarr;<\/span><\/a><\/p>\n","protected":false},"author":2,"featured_media":0,"comment_status":"open","ping_status":"open","sticky":false,"template":"","format":"standard","meta":{"_monsterinsights_skip_tracking":false,"_monsterinsights_sitenote_active":false,"_monsterinsights_sitenote_note":"","_monsterinsights_sitenote_category":0,"ngg_post_thumbnail":0,"footnotes":""},"categories":[9,6],"tags":[],"class_list":["post-2844","post","type-post","status-publish","format-standard","hentry","category-evenement","category-vie-de-la-cite"],"_links":{"self":[{"href":"https:\/\/www.comitenervo.fr\/index.php?rest_route=\/wp\/v2\/posts\/2844","targetHints":{"allow":["GET"]}}],"collection":[{"href":"https:\/\/www.comitenervo.fr\/index.php?rest_route=\/wp\/v2\/posts"}],"about":[{"href":"https:\/\/www.comitenervo.fr\/index.php?rest_route=\/wp\/v2\/types\/post"}],"author":[{"embeddable":true,"href":"https:\/\/www.comitenervo.fr\/index.php?rest_route=\/wp\/v2\/users\/2"}],"replies":[{"embeddable":true,"href":"https:\/\/www.comitenervo.fr\/index.php?rest_route=%2Fwp%2Fv2%2Fcomments&post=2844"}],"version-history":[{"count":1,"href":"https:\/\/www.comitenervo.fr\/index.php?rest_route=\/wp\/v2\/posts\/2844\/revisions"}],"predecessor-version":[{"id":2847,"href":"https:\/\/www.comitenervo.fr\/index.php?rest_route=\/wp\/v2\/posts\/2844\/revisions\/2847"}],"wp:attachment":[{"href":"https:\/\/www.comitenervo.fr\/index.php?rest_route=%2Fwp%2Fv2%2Fmedia&parent=2844"}],"wp:term":[{"taxonomy":"category","embeddable":true,"href":"https:\/\/www.comitenervo.fr\/index.php?rest_route=%2Fwp%2Fv2%2Fcategories&post=2844"},{"taxonomy":"post_tag","embeddable":true,"href":"https:\/\/www.comitenervo.fr\/index.php?rest_route=%2Fwp%2Fv2%2Ftags&post=2844"}],"curies":[{"name":"wp","href":"https:\/\/api.w.org\/{rel}","templated":true}]}}