{"id":270,"date":"2011-11-18T10:57:58","date_gmt":"2011-11-18T09:57:58","guid":{"rendered":"https:\/\/www.comitenervo.fr\/?p=270"},"modified":"2012-08-08T22:44:29","modified_gmt":"2012-08-08T20:44:29","slug":"lainee-des-aines","status":"publish","type":"post","link":"https:\/\/www.comitenervo.fr\/?p=270","title":{"rendered":"L&rsquo;AINEE DES AINES !!!!!!!"},"content":{"rendered":"<p>Malheureusement, Mme DUBART L\u00e9ontine n&rsquo;a\u00a0 pu particip\u00e9 \u00e0 la r\u00e9ception des a\u00een\u00e9s du mercredi 16 novembre\u00a0 .<\/p>\n<p>A bient\u00f4t 98 ans,\u00a0Mme DUBART\u00a0 est une maitresse femme qui a une passion pour la lecture des livres de Dani\u00e8le STEEL.<\/p>\n<p>Dot\u00e9e d&rsquo;une m\u00e9moire exceptionnelle,\u00a0elle nous cite parfois\u00a0des anecdotes de la cit\u00e9 datant des\u00a0ann\u00e9es 50.<\/p>\n<p>Le pr\u00e9sident Daniel WUILBEAUX, ainsi que le tr\u00e9sorier Daniel ZAICH\u00a0sont venus\u00a0lui rendre visite jeudi, pour lui remettre\u00a0 une part de g\u00e2teau et un bouquet.<a href=\"https:\/\/www.comitenervo.fr\/wp-content\/uploads\/2011\/11\/IMG_1289.jpg\"><img loading=\"lazy\" decoding=\"async\" class=\"aligncenter size-medium wp-image-271\" title=\"IMG_1289\" src=\"https:\/\/www.comitenervo.fr\/wp-content\/uploads\/2011\/11\/IMG_1289-300x225.jpg\" alt=\"\" width=\"300\" height=\"225\" srcset=\"https:\/\/www.comitenervo.fr\/wp-content\/uploads\/2011\/11\/IMG_1289-300x225.jpg 300w, https:\/\/www.comitenervo.fr\/wp-content\/uploads\/2011\/11\/IMG_1289-1024x768.jpg 1024w, https:\/\/www.comitenervo.fr\/wp-content\/uploads\/2011\/11\/IMG_1289-150x112.jpg 150w, https:\/\/www.comitenervo.fr\/wp-content\/uploads\/2011\/11\/IMG_1289-400x300.jpg 400w\" sizes=\"auto, (max-width: 300px) 100vw, 300px\" \/><\/a><\/p>\n","protected":false},"excerpt":{"rendered":"<p>Malheureusement, Mme DUBART L\u00e9ontine n&rsquo;a\u00a0 pu particip\u00e9 \u00e0 la r\u00e9ception des a\u00een\u00e9s du mercredi 16 novembre\u00a0 . A bient\u00f4t 98 ans,\u00a0Mme DUBART\u00a0 est une maitresse femme qui a une passion pour la lecture des livres de Dani\u00e8le STEEL. Dot\u00e9e d&rsquo;une &hellip; <a href=\"https:\/\/www.comitenervo.fr\/?p=270\">Continuer la lecture <span class=\"meta-nav\">&rarr;<\/span><\/a><\/p>\n","protected":false},"author":2,"featured_media":0,"comment_status":"open","ping_status":"open","sticky":false,"template":"","format":"standard","meta":{"_monsterinsights_skip_tracking":false,"_monsterinsights_sitenote_active":false,"_monsterinsights_sitenote_note":"","_monsterinsights_sitenote_category":0,"ngg_post_thumbnail":0,"footnotes":""},"categories":[10,6],"tags":[],"class_list":["post-270","post","type-post","status-publish","format-standard","hentry","category-portrait","category-vie-de-la-cite"],"_links":{"self":[{"href":"https:\/\/www.comitenervo.fr\/index.php?rest_route=\/wp\/v2\/posts\/270","targetHints":{"allow":["GET"]}}],"collection":[{"href":"https:\/\/www.comitenervo.fr\/index.php?rest_route=\/wp\/v2\/posts"}],"about":[{"href":"https:\/\/www.comitenervo.fr\/index.php?rest_route=\/wp\/v2\/types\/post"}],"author":[{"embeddable":true,"href":"https:\/\/www.comitenervo.fr\/index.php?rest_route=\/wp\/v2\/users\/2"}],"replies":[{"embeddable":true,"href":"https:\/\/www.comitenervo.fr\/index.php?rest_route=%2Fwp%2Fv2%2Fcomments&post=270"}],"version-history":[{"count":7,"href":"https:\/\/www.comitenervo.fr\/index.php?rest_route=\/wp\/v2\/posts\/270\/revisions"}],"predecessor-version":[{"id":870,"href":"https:\/\/www.comitenervo.fr\/index.php?rest_route=\/wp\/v2\/posts\/270\/revisions\/870"}],"wp:attachment":[{"href":"https:\/\/www.comitenervo.fr\/index.php?rest_route=%2Fwp%2Fv2%2Fmedia&parent=270"}],"wp:term":[{"taxonomy":"category","embeddable":true,"href":"https:\/\/www.comitenervo.fr\/index.php?rest_route=%2Fwp%2Fv2%2Fcategories&post=270"},{"taxonomy":"post_tag","embeddable":true,"href":"https:\/\/www.comitenervo.fr\/index.php?rest_route=%2Fwp%2Fv2%2Ftags&post=270"}],"curies":[{"name":"wp","href":"https:\/\/api.w.org\/{rel}","templated":true}]}}