{"id":2465,"date":"2014-11-28T14:17:29","date_gmt":"2014-11-28T13:17:29","guid":{"rendered":"https:\/\/www.comitenervo.fr\/?p=2465"},"modified":"2018-10-28T12:09:07","modified_gmt":"2018-10-28T11:09:07","slug":"bravo-salvatore-encore","status":"publish","type":"post","link":"https:\/\/www.comitenervo.fr\/?p=2465","title":{"rendered":"BRAVO  SALVATORE&#8230;&#8230;.. ENCORE !!!!!"},"content":{"rendered":"<p>L&rsquo;ambiance\u00a0 \u00e9tait\u00a0 \u00e0 la f\u00eate, ce mercredi, \u00e0 l&rsquo;occasion de la f\u00eate des ain\u00e9s du quartier Nervo \u00e0 la salle de la Jeunesse.<\/p>\n<p>Il faut remercier\u00a0 Salvatore et \u00e0 son orchestre pour leur\u00a0 prestation; car,\u00a0 pas avare de leur\u00a0 temps, ils\u00a0 ont\u00a0 fait<\/p>\n<p>danser et chanter les escaudinois\u00a0 sur des airs entrainants.<\/p>\n<p>A l&rsquo;ann\u00e9e prochaine ?<\/p>\n<div id=\"attachment_2467\" style=\"width: 160px\" class=\"wp-caption alignright\"><a href=\"https:\/\/www.comitenervo.fr\/wp-content\/uploads\/2014\/11\/P1010716ainesmaire.jpg\"><img loading=\"lazy\" decoding=\"async\" aria-describedby=\"caption-attachment-2467\" class=\"size-thumbnail wp-image-2467\" src=\"https:\/\/www.comitenervo.fr\/wp-content\/uploads\/2014\/11\/P1010716ainesmaire-150x150.jpg\" alt=\"Mr Hazard,Mr Saligot et dainel Wuilbeaux\" width=\"150\" height=\"150\" \/><\/a><p id=\"caption-attachment-2467\" class=\"wp-caption-text\">Mr Hazard, Mr Saligot et Daniel Wuilbeaux<\/p><\/div>\n<div id=\"attachment_2466\" style=\"width: 160px\" class=\"wp-caption alignleft\"><a href=\"https:\/\/www.comitenervo.fr\/wp-content\/uploads\/2014\/11\/P1010755aines.jpg\"><img loading=\"lazy\" decoding=\"async\" aria-describedby=\"caption-attachment-2466\" class=\"size-thumbnail wp-image-2466\" src=\"https:\/\/www.comitenervo.fr\/wp-content\/uploads\/2014\/11\/P1010755aines-150x150.jpg\" alt=\"Les as du tango !!!!!\" width=\"150\" height=\"150\" \/><\/a><p id=\"caption-attachment-2466\" class=\"wp-caption-text\">Les as du tango !!!!!<\/p><\/div>\n","protected":false},"excerpt":{"rendered":"<p>L&rsquo;ambiance\u00a0 \u00e9tait\u00a0 \u00e0 la f\u00eate, ce mercredi, \u00e0 l&rsquo;occasion de la f\u00eate des ain\u00e9s du quartier Nervo \u00e0 la salle de la Jeunesse. Il faut remercier\u00a0 Salvatore et \u00e0 son orchestre pour leur\u00a0 prestation; car,\u00a0 pas avare de leur\u00a0 temps, &hellip; <a href=\"https:\/\/www.comitenervo.fr\/?p=2465\">Continuer la lecture <span class=\"meta-nav\">&rarr;<\/span><\/a><\/p>\n","protected":false},"author":2,"featured_media":0,"comment_status":"open","ping_status":"open","sticky":false,"template":"","format":"standard","meta":{"_monsterinsights_skip_tracking":false,"_monsterinsights_sitenote_active":false,"_monsterinsights_sitenote_note":"","_monsterinsights_sitenote_category":0,"ngg_post_thumbnail":0,"footnotes":""},"categories":[9,10],"tags":[],"class_list":["post-2465","post","type-post","status-publish","format-standard","hentry","category-evenement","category-portrait"],"_links":{"self":[{"href":"https:\/\/www.comitenervo.fr\/index.php?rest_route=\/wp\/v2\/posts\/2465","targetHints":{"allow":["GET"]}}],"collection":[{"href":"https:\/\/www.comitenervo.fr\/index.php?rest_route=\/wp\/v2\/posts"}],"about":[{"href":"https:\/\/www.comitenervo.fr\/index.php?rest_route=\/wp\/v2\/types\/post"}],"author":[{"embeddable":true,"href":"https:\/\/www.comitenervo.fr\/index.php?rest_route=\/wp\/v2\/users\/2"}],"replies":[{"embeddable":true,"href":"https:\/\/www.comitenervo.fr\/index.php?rest_route=%2Fwp%2Fv2%2Fcomments&post=2465"}],"version-history":[{"count":1,"href":"https:\/\/www.comitenervo.fr\/index.php?rest_route=\/wp\/v2\/posts\/2465\/revisions"}],"predecessor-version":[{"id":2468,"href":"https:\/\/www.comitenervo.fr\/index.php?rest_route=\/wp\/v2\/posts\/2465\/revisions\/2468"}],"wp:attachment":[{"href":"https:\/\/www.comitenervo.fr\/index.php?rest_route=%2Fwp%2Fv2%2Fmedia&parent=2465"}],"wp:term":[{"taxonomy":"category","embeddable":true,"href":"https:\/\/www.comitenervo.fr\/index.php?rest_route=%2Fwp%2Fv2%2Fcategories&post=2465"},{"taxonomy":"post_tag","embeddable":true,"href":"https:\/\/www.comitenervo.fr\/index.php?rest_route=%2Fwp%2Fv2%2Ftags&post=2465"}],"curies":[{"name":"wp","href":"https:\/\/api.w.org\/{rel}","templated":true}]}}