{"id":2452,"date":"2014-11-28T09:24:02","date_gmt":"2014-11-28T08:24:02","guid":{"rendered":"https:\/\/www.comitenervo.fr\/?p=2452"},"modified":"2014-11-28T09:38:51","modified_gmt":"2014-11-28T08:38:51","slug":"leontine-nous-a-quittes","status":"publish","type":"post","link":"https:\/\/www.comitenervo.fr\/?p=2452","title":{"rendered":"LEONTINE  NOUS  A  QUITTES."},"content":{"rendered":"<p>Nous avons appris le d\u00e9c\u00e8s\u00a0 lundi de\u00a0 L\u00e9ontine Dubart, notre centenaire.<\/p>\n<p>Avec ses valeurs, de courage, respect et gentillesse, elle \u00e9tait pour nous un exemple.<\/p>\n<p>Beaucoup de tristesse dans le quartier.<\/p>\n<div id=\"attachment_2454\" style=\"width: 235px\" class=\"wp-caption aligncenter\"><a href=\"https:\/\/www.comitenervo.fr\/wp-content\/uploads\/2014\/11\/IMG_0204-DUBART.jpg\"><img loading=\"lazy\" decoding=\"async\" aria-describedby=\"caption-attachment-2454\" class=\"size-medium wp-image-2454\" src=\"https:\/\/www.comitenervo.fr\/wp-content\/uploads\/2014\/11\/IMG_0204-DUBART-225x300.jpg\" alt=\"Mme Dubart lors d'une f\u00eate des a\u00een\u00e9s.\" width=\"225\" height=\"300\" srcset=\"https:\/\/www.comitenervo.fr\/wp-content\/uploads\/2014\/11\/IMG_0204-DUBART-225x300.jpg 225w, https:\/\/www.comitenervo.fr\/wp-content\/uploads\/2014\/11\/IMG_0204-DUBART-768x1024.jpg 768w, https:\/\/www.comitenervo.fr\/wp-content\/uploads\/2014\/11\/IMG_0204-DUBART-112x150.jpg 112w, https:\/\/www.comitenervo.fr\/wp-content\/uploads\/2014\/11\/IMG_0204-DUBART-400x533.jpg 400w, https:\/\/www.comitenervo.fr\/wp-content\/uploads\/2014\/11\/IMG_0204-DUBART.jpg 1200w\" sizes=\"auto, (max-width: 225px) 100vw, 225px\" \/><\/a><p id=\"caption-attachment-2454\" class=\"wp-caption-text\">Mme Dubart lors d&rsquo;une f\u00eate des a\u00een\u00e9s.<\/p><\/div>\n","protected":false},"excerpt":{"rendered":"<p>Nous avons appris le d\u00e9c\u00e8s\u00a0 lundi de\u00a0 L\u00e9ontine Dubart, notre centenaire. Avec ses valeurs, de courage, respect et gentillesse, elle \u00e9tait pour nous un exemple. Beaucoup de tristesse dans le quartier.<\/p>\n","protected":false},"author":2,"featured_media":0,"comment_status":"open","ping_status":"open","sticky":false,"template":"","format":"standard","meta":{"_monsterinsights_skip_tracking":false,"_monsterinsights_sitenote_active":false,"_monsterinsights_sitenote_note":"","_monsterinsights_sitenote_category":0,"ngg_post_thumbnail":0,"footnotes":""},"categories":[10,6],"tags":[],"class_list":["post-2452","post","type-post","status-publish","format-standard","hentry","category-portrait","category-vie-de-la-cite"],"_links":{"self":[{"href":"https:\/\/www.comitenervo.fr\/index.php?rest_route=\/wp\/v2\/posts\/2452","targetHints":{"allow":["GET"]}}],"collection":[{"href":"https:\/\/www.comitenervo.fr\/index.php?rest_route=\/wp\/v2\/posts"}],"about":[{"href":"https:\/\/www.comitenervo.fr\/index.php?rest_route=\/wp\/v2\/types\/post"}],"author":[{"embeddable":true,"href":"https:\/\/www.comitenervo.fr\/index.php?rest_route=\/wp\/v2\/users\/2"}],"replies":[{"embeddable":true,"href":"https:\/\/www.comitenervo.fr\/index.php?rest_route=%2Fwp%2Fv2%2Fcomments&post=2452"}],"version-history":[{"count":3,"href":"https:\/\/www.comitenervo.fr\/index.php?rest_route=\/wp\/v2\/posts\/2452\/revisions"}],"predecessor-version":[{"id":2457,"href":"https:\/\/www.comitenervo.fr\/index.php?rest_route=\/wp\/v2\/posts\/2452\/revisions\/2457"}],"wp:attachment":[{"href":"https:\/\/www.comitenervo.fr\/index.php?rest_route=%2Fwp%2Fv2%2Fmedia&parent=2452"}],"wp:term":[{"taxonomy":"category","embeddable":true,"href":"https:\/\/www.comitenervo.fr\/index.php?rest_route=%2Fwp%2Fv2%2Fcategories&post=2452"},{"taxonomy":"post_tag","embeddable":true,"href":"https:\/\/www.comitenervo.fr\/index.php?rest_route=%2Fwp%2Fv2%2Ftags&post=2452"}],"curies":[{"name":"wp","href":"https:\/\/api.w.org\/{rel}","templated":true}]}}