{"id":2449,"date":"2014-11-28T09:12:26","date_gmt":"2014-11-28T08:12:26","guid":{"rendered":"https:\/\/www.comitenervo.fr\/?p=2449"},"modified":"2014-11-28T13:48:08","modified_gmt":"2014-11-28T12:48:08","slug":"pas-de-local-associatif","status":"publish","type":"post","link":"https:\/\/www.comitenervo.fr\/?p=2449","title":{"rendered":"PAS  DE LOCAL  ASSOCIATIF."},"content":{"rendered":"<p>La nouvelle est tomb\u00e9e mercredi ,jour de la r\u00e9ception des a\u00een\u00e9s: l&rsquo;association ne b\u00e9n\u00e9ficiera pas de local dans le quartier.<\/p>\n<p>Les \u00e9lus \u00e9taient tr\u00e8s d\u00e9\u00e7us de la d\u00e9cision de GHI.<\/p>\n<p>Nous encore plus.<\/p>\n<p>Une certaine lassitude commence \u00e0 peser.<\/p>\n<p>Vers la fin de l&rsquo;association ?<\/p>\n<p>&nbsp;<\/p>\n<p>&nbsp;<\/p>\n<p>&nbsp;<\/p>\n<p>&nbsp;<\/p>\n","protected":false},"excerpt":{"rendered":"<p>La nouvelle est tomb\u00e9e mercredi ,jour de la r\u00e9ception des a\u00een\u00e9s: l&rsquo;association ne b\u00e9n\u00e9ficiera pas de local dans le quartier. Les \u00e9lus \u00e9taient tr\u00e8s d\u00e9\u00e7us de la d\u00e9cision de GHI. Nous encore plus. Une certaine lassitude commence \u00e0 peser. Vers &hellip; <a href=\"https:\/\/www.comitenervo.fr\/?p=2449\">Continuer la lecture <span class=\"meta-nav\">&rarr;<\/span><\/a><\/p>\n","protected":false},"author":2,"featured_media":0,"comment_status":"open","ping_status":"open","sticky":false,"template":"","format":"standard","meta":{"_monsterinsights_skip_tracking":false,"_monsterinsights_sitenote_active":false,"_monsterinsights_sitenote_note":"","_monsterinsights_sitenote_category":0,"ngg_post_thumbnail":0,"footnotes":""},"categories":[3,6],"tags":[],"class_list":["post-2449","post","type-post","status-publish","format-standard","hentry","category-nouveaute","category-vie-de-la-cite"],"_links":{"self":[{"href":"https:\/\/www.comitenervo.fr\/index.php?rest_route=\/wp\/v2\/posts\/2449","targetHints":{"allow":["GET"]}}],"collection":[{"href":"https:\/\/www.comitenervo.fr\/index.php?rest_route=\/wp\/v2\/posts"}],"about":[{"href":"https:\/\/www.comitenervo.fr\/index.php?rest_route=\/wp\/v2\/types\/post"}],"author":[{"embeddable":true,"href":"https:\/\/www.comitenervo.fr\/index.php?rest_route=\/wp\/v2\/users\/2"}],"replies":[{"embeddable":true,"href":"https:\/\/www.comitenervo.fr\/index.php?rest_route=%2Fwp%2Fv2%2Fcomments&post=2449"}],"version-history":[{"count":4,"href":"https:\/\/www.comitenervo.fr\/index.php?rest_route=\/wp\/v2\/posts\/2449\/revisions"}],"predecessor-version":[{"id":2463,"href":"https:\/\/www.comitenervo.fr\/index.php?rest_route=\/wp\/v2\/posts\/2449\/revisions\/2463"}],"wp:attachment":[{"href":"https:\/\/www.comitenervo.fr\/index.php?rest_route=%2Fwp%2Fv2%2Fmedia&parent=2449"}],"wp:term":[{"taxonomy":"category","embeddable":true,"href":"https:\/\/www.comitenervo.fr\/index.php?rest_route=%2Fwp%2Fv2%2Fcategories&post=2449"},{"taxonomy":"post_tag","embeddable":true,"href":"https:\/\/www.comitenervo.fr\/index.php?rest_route=%2Fwp%2Fv2%2Ftags&post=2449"}],"curies":[{"name":"wp","href":"https:\/\/api.w.org\/{rel}","templated":true}]}}