{"id":2311,"date":"2014-11-01T21:16:40","date_gmt":"2014-11-01T20:16:40","guid":{"rendered":"https:\/\/www.comitenervo.fr\/?p=2311"},"modified":"2014-11-28T09:39:24","modified_gmt":"2014-11-28T08:39:24","slug":"local-associatif-reunion-chez-ghi","status":"publish","type":"post","link":"https:\/\/www.comitenervo.fr\/?p=2311","title":{"rendered":"LOCAL  ASSOCIATIF :  REUNION  CHEZ  GHI."},"content":{"rendered":"<p>Suite \u00e0 la r\u00e9union avec les \u00e9lus municipaux, une autre r\u00e9union avait \u00e9t\u00e9 pr\u00e9vue avec la responsable de secteur, concernant l&rsquo;attribution du local associatif.<\/p>\n<p>En effet Mlle\u00a0 Zendreszjak avait souhait\u00e9 rencontrer les responsables du comit\u00e9 Nervo afin de mieux conna\u00eetre<\/p>\n<p>l&rsquo;association, ses activit\u00e9s, ses finances, ses projets.<\/p>\n<p>La rencontre s&rsquo;est tr\u00e8s bien d\u00e9roul\u00e9e;\u00a0 les divers documents n\u00e9cessaires ont \u00e9t\u00e9 ou seront fournis.<\/p>\n<p>En conclusion, il est tr\u00e8s probable que le p\u00e8re No\u00ebl passera du c\u00f4t\u00e9 de l&rsquo;all\u00e9e Jordan avant la fin d\u00e9cembre !!!!!!<\/p>\n<div id=\"attachment_2312\" style=\"width: 160px\" class=\"wp-caption aligncenter\"><a href=\"https:\/\/www.comitenervo.fr\/wp-content\/uploads\/2014\/11\/P1010654-ghi.jpg\"><img loading=\"lazy\" decoding=\"async\" aria-describedby=\"caption-attachment-2312\" class=\"size-thumbnail wp-image-2312\" src=\"https:\/\/www.comitenervo.fr\/wp-content\/uploads\/2014\/11\/P1010654-ghi-150x150.jpg\" alt=\"Mlle Zendrzejak, D.Wuilbeaux,R.Lh\u00e9risson.\" width=\"150\" height=\"150\" \/><\/a><p id=\"caption-attachment-2312\" class=\"wp-caption-text\">Mlle Zendrzejak, D.Wuilbeaux,R.Lh\u00e9risson.<\/p><\/div>\n","protected":false},"excerpt":{"rendered":"<p>Suite \u00e0 la r\u00e9union avec les \u00e9lus municipaux, une autre r\u00e9union avait \u00e9t\u00e9 pr\u00e9vue avec la responsable de secteur, concernant l&rsquo;attribution du local associatif. En effet Mlle\u00a0 Zendreszjak avait souhait\u00e9 rencontrer les responsables du comit\u00e9 Nervo afin de mieux conna\u00eetre &hellip; <a href=\"https:\/\/www.comitenervo.fr\/?p=2311\">Continuer la lecture <span class=\"meta-nav\">&rarr;<\/span><\/a><\/p>\n","protected":false},"author":2,"featured_media":0,"comment_status":"open","ping_status":"open","sticky":false,"template":"","format":"standard","meta":{"_monsterinsights_skip_tracking":false,"_monsterinsights_sitenote_active":false,"_monsterinsights_sitenote_note":"","_monsterinsights_sitenote_category":0,"ngg_post_thumbnail":0,"footnotes":""},"categories":[6],"tags":[],"class_list":["post-2311","post","type-post","status-publish","format-standard","hentry","category-vie-de-la-cite"],"_links":{"self":[{"href":"https:\/\/www.comitenervo.fr\/index.php?rest_route=\/wp\/v2\/posts\/2311","targetHints":{"allow":["GET"]}}],"collection":[{"href":"https:\/\/www.comitenervo.fr\/index.php?rest_route=\/wp\/v2\/posts"}],"about":[{"href":"https:\/\/www.comitenervo.fr\/index.php?rest_route=\/wp\/v2\/types\/post"}],"author":[{"embeddable":true,"href":"https:\/\/www.comitenervo.fr\/index.php?rest_route=\/wp\/v2\/users\/2"}],"replies":[{"embeddable":true,"href":"https:\/\/www.comitenervo.fr\/index.php?rest_route=%2Fwp%2Fv2%2Fcomments&post=2311"}],"version-history":[{"count":4,"href":"https:\/\/www.comitenervo.fr\/index.php?rest_route=\/wp\/v2\/posts\/2311\/revisions"}],"predecessor-version":[{"id":2316,"href":"https:\/\/www.comitenervo.fr\/index.php?rest_route=\/wp\/v2\/posts\/2311\/revisions\/2316"}],"wp:attachment":[{"href":"https:\/\/www.comitenervo.fr\/index.php?rest_route=%2Fwp%2Fv2%2Fmedia&parent=2311"}],"wp:term":[{"taxonomy":"category","embeddable":true,"href":"https:\/\/www.comitenervo.fr\/index.php?rest_route=%2Fwp%2Fv2%2Fcategories&post=2311"},{"taxonomy":"post_tag","embeddable":true,"href":"https:\/\/www.comitenervo.fr\/index.php?rest_route=%2Fwp%2Fv2%2Ftags&post=2311"}],"curies":[{"name":"wp","href":"https:\/\/api.w.org\/{rel}","templated":true}]}}