{"id":2305,"date":"2014-10-25T18:54:01","date_gmt":"2014-10-25T16:54:01","guid":{"rendered":"https:\/\/www.comitenervo.fr\/?p=2305"},"modified":"2014-11-28T09:39:32","modified_gmt":"2014-11-28T08:39:32","slug":"reunion-avec-les-elus","status":"publish","type":"post","link":"https:\/\/www.comitenervo.fr\/?p=2305","title":{"rendered":"REUNION   AVEC  LES  ELUS."},"content":{"rendered":"<p>Ce jeudi 23 octobre , la nouvelle \u00e9quipe municipale avait invit\u00e9 les habitants des quartiers du Quart de six heures, cit\u00e9 Cuvette, cit\u00e9 Cail, cit\u00e9 Joffre\u00a0 et\u00a0 cit\u00e9 Nervo pour discuter des divers probl\u00e8mes rencontr\u00e9s au quotidien.<\/p>\n<p>22 Sujets ont \u00e9t\u00e9 abord\u00e9s; notamment pour la cit\u00e9 Nervo, l&rsquo;assurance prise par Mr Saligot qu&rsquo;une habitation du GHI serait attribu\u00e9e au comit\u00e9 comme local associatif.<\/p>\n<p><a href=\"https:\/\/www.comitenervo.fr\/wp-content\/uploads\/2014\/10\/IMG_20141023_1851261.jpg\"><img loading=\"lazy\" decoding=\"async\" class=\"alignleft size-thumbnail wp-image-2306\" src=\"https:\/\/www.comitenervo.fr\/wp-content\/uploads\/2014\/10\/IMG_20141023_1851261-150x150.jpg\" alt=\"IMG_20141023_185126(1)\" width=\"150\" height=\"150\" \/><\/a><a href=\"https:\/\/www.comitenervo.fr\/wp-content\/uploads\/2014\/10\/IMG_20141023_185235.jpg\"><img loading=\"lazy\" decoding=\"async\" class=\"alignright size-thumbnail wp-image-2307\" src=\"https:\/\/www.comitenervo.fr\/wp-content\/uploads\/2014\/10\/IMG_20141023_185235-150x150.jpg\" alt=\"IMG_20141023_185235\" width=\"150\" height=\"150\" \/><\/a>Le pr\u00e9sident Daniel Wuilbeaux, ainsi que les nombreux habitants de la cit\u00e9, ont accueilli cette nouvelle officielle avec beaucoup de satisfaction.<\/p>\n<p>&nbsp;<\/p>\n","protected":false},"excerpt":{"rendered":"<p>Ce jeudi 23 octobre , la nouvelle \u00e9quipe municipale avait invit\u00e9 les habitants des quartiers du Quart de six heures, cit\u00e9 Cuvette, cit\u00e9 Cail, cit\u00e9 Joffre\u00a0 et\u00a0 cit\u00e9 Nervo pour discuter des divers probl\u00e8mes rencontr\u00e9s au quotidien. 22 Sujets ont &hellip; <a href=\"https:\/\/www.comitenervo.fr\/?p=2305\">Continuer la lecture <span class=\"meta-nav\">&rarr;<\/span><\/a><\/p>\n","protected":false},"author":2,"featured_media":0,"comment_status":"open","ping_status":"open","sticky":false,"template":"","format":"standard","meta":{"_monsterinsights_skip_tracking":false,"_monsterinsights_sitenote_active":false,"_monsterinsights_sitenote_note":"","_monsterinsights_sitenote_category":0,"ngg_post_thumbnail":0,"footnotes":""},"categories":[6],"tags":[],"class_list":["post-2305","post","type-post","status-publish","format-standard","hentry","category-vie-de-la-cite"],"_links":{"self":[{"href":"https:\/\/www.comitenervo.fr\/index.php?rest_route=\/wp\/v2\/posts\/2305","targetHints":{"allow":["GET"]}}],"collection":[{"href":"https:\/\/www.comitenervo.fr\/index.php?rest_route=\/wp\/v2\/posts"}],"about":[{"href":"https:\/\/www.comitenervo.fr\/index.php?rest_route=\/wp\/v2\/types\/post"}],"author":[{"embeddable":true,"href":"https:\/\/www.comitenervo.fr\/index.php?rest_route=\/wp\/v2\/users\/2"}],"replies":[{"embeddable":true,"href":"https:\/\/www.comitenervo.fr\/index.php?rest_route=%2Fwp%2Fv2%2Fcomments&post=2305"}],"version-history":[{"count":2,"href":"https:\/\/www.comitenervo.fr\/index.php?rest_route=\/wp\/v2\/posts\/2305\/revisions"}],"predecessor-version":[{"id":2309,"href":"https:\/\/www.comitenervo.fr\/index.php?rest_route=\/wp\/v2\/posts\/2305\/revisions\/2309"}],"wp:attachment":[{"href":"https:\/\/www.comitenervo.fr\/index.php?rest_route=%2Fwp%2Fv2%2Fmedia&parent=2305"}],"wp:term":[{"taxonomy":"category","embeddable":true,"href":"https:\/\/www.comitenervo.fr\/index.php?rest_route=%2Fwp%2Fv2%2Fcategories&post=2305"},{"taxonomy":"post_tag","embeddable":true,"href":"https:\/\/www.comitenervo.fr\/index.php?rest_route=%2Fwp%2Fv2%2Ftags&post=2305"}],"curies":[{"name":"wp","href":"https:\/\/api.w.org\/{rel}","templated":true}]}}