{"id":2295,"date":"2014-10-05T19:01:28","date_gmt":"2014-10-05T17:01:28","guid":{"rendered":"https:\/\/www.comitenervo.fr\/?p=2295"},"modified":"2014-11-28T09:39:49","modified_gmt":"2014-11-28T08:39:49","slug":"fete-des-aines-2014","status":"publish","type":"post","link":"https:\/\/www.comitenervo.fr\/?p=2295","title":{"rendered":"F\u00caTE DES A\u00ceNES 2014."},"content":{"rendered":"<p>On ne change pas\u00a0 ce qui a fait le succ\u00e8s de la f\u00eate 2013 :\u00a0 l&rsquo;orchestre \u00ab\u00a0les Wizards\u00a0\u00bb et son chanteur vedette Salvatore.<\/p>\n<p>Donc le mercredi 26 novembre \u00e0 la salle de la Jeunesse\u00a0 les a\u00een\u00e9s du quartier ainsi que les escaudinois , d\u00e9j\u00e0 nombreux \u00e0 s&rsquo;\u00eatre inscrits, pourront danser sur les m\u00e9lodies de Salvatore.<\/p>\n<p>Le nombre de places \u00e9tant limit\u00e9, il est prudent de s&rsquo;inscrire d\u00e9s \u00e0 pr\u00e9sent.<\/p>\n<div id=\"attachment_2298\" style=\"width: 160px\" class=\"wp-caption alignleft\"><a href=\"https:\/\/www.comitenervo.fr\/wp-content\/uploads\/2014\/10\/P1010135.jpg\"><img loading=\"lazy\" decoding=\"async\" aria-describedby=\"caption-attachment-2298\" class=\"size-thumbnail wp-image-2298\" src=\"https:\/\/www.comitenervo.fr\/wp-content\/uploads\/2014\/10\/P1010135-150x150.jpg\" alt=\"Bonne ambiance.\" width=\"150\" height=\"150\" \/><\/a><p id=\"caption-attachment-2298\" class=\"wp-caption-text\">Bonne ambiance.<\/p><\/div>\n<p>&nbsp;<\/p>\n<div id=\"attachment_2299\" style=\"width: 160px\" class=\"wp-caption alignright\"><a href=\"https:\/\/www.comitenervo.fr\/wp-content\/uploads\/2014\/10\/P1010129.jpg\"><img loading=\"lazy\" decoding=\"async\" aria-describedby=\"caption-attachment-2299\" class=\"size-thumbnail wp-image-2299\" src=\"https:\/\/www.comitenervo.fr\/wp-content\/uploads\/2014\/10\/P1010129-150x150.jpg\" alt=\"Salvatore.\" width=\"150\" height=\"150\" \/><\/a><p id=\"caption-attachment-2299\" class=\"wp-caption-text\">Salvatore.<\/p><\/div>\n<div id=\"attachment_2300\" style=\"width: 160px\" class=\"wp-caption aligncenter\"><a href=\"https:\/\/www.comitenervo.fr\/wp-content\/uploads\/2014\/10\/AINES-2014.jpg\"><img loading=\"lazy\" decoding=\"async\" aria-describedby=\"caption-attachment-2300\" class=\"size-thumbnail wp-image-2300\" src=\"https:\/\/www.comitenervo.fr\/wp-content\/uploads\/2014\/10\/AINES-2014-150x150.jpg\" alt=\"Bulletind'inscription.\" width=\"150\" height=\"150\" \/><\/a><p id=\"caption-attachment-2300\" class=\"wp-caption-text\">Bulletin d&rsquo;inscription.<\/p><\/div>\n<p>&nbsp;<\/p>\n","protected":false},"excerpt":{"rendered":"<p>On ne change pas\u00a0 ce qui a fait le succ\u00e8s de la f\u00eate 2013 :\u00a0 l&rsquo;orchestre \u00ab\u00a0les Wizards\u00a0\u00bb et son chanteur vedette Salvatore. Donc le mercredi 26 novembre \u00e0 la salle de la Jeunesse\u00a0 les a\u00een\u00e9s du quartier ainsi que &hellip; <a href=\"https:\/\/www.comitenervo.fr\/?p=2295\">Continuer la lecture <span class=\"meta-nav\">&rarr;<\/span><\/a><\/p>\n","protected":false},"author":2,"featured_media":0,"comment_status":"open","ping_status":"open","sticky":false,"template":"","format":"standard","meta":{"_monsterinsights_skip_tracking":false,"_monsterinsights_sitenote_active":false,"_monsterinsights_sitenote_note":"","_monsterinsights_sitenote_category":0,"ngg_post_thumbnail":0,"footnotes":""},"categories":[7,9],"tags":[],"class_list":["post-2295","post","type-post","status-publish","format-standard","hentry","category-anciens-de-la-cite","category-evenement"],"_links":{"self":[{"href":"https:\/\/www.comitenervo.fr\/index.php?rest_route=\/wp\/v2\/posts\/2295","targetHints":{"allow":["GET"]}}],"collection":[{"href":"https:\/\/www.comitenervo.fr\/index.php?rest_route=\/wp\/v2\/posts"}],"about":[{"href":"https:\/\/www.comitenervo.fr\/index.php?rest_route=\/wp\/v2\/types\/post"}],"author":[{"embeddable":true,"href":"https:\/\/www.comitenervo.fr\/index.php?rest_route=\/wp\/v2\/users\/2"}],"replies":[{"embeddable":true,"href":"https:\/\/www.comitenervo.fr\/index.php?rest_route=%2Fwp%2Fv2%2Fcomments&post=2295"}],"version-history":[{"count":2,"href":"https:\/\/www.comitenervo.fr\/index.php?rest_route=\/wp\/v2\/posts\/2295\/revisions"}],"predecessor-version":[{"id":2302,"href":"https:\/\/www.comitenervo.fr\/index.php?rest_route=\/wp\/v2\/posts\/2295\/revisions\/2302"}],"wp:attachment":[{"href":"https:\/\/www.comitenervo.fr\/index.php?rest_route=%2Fwp%2Fv2%2Fmedia&parent=2295"}],"wp:term":[{"taxonomy":"category","embeddable":true,"href":"https:\/\/www.comitenervo.fr\/index.php?rest_route=%2Fwp%2Fv2%2Fcategories&post=2295"},{"taxonomy":"post_tag","embeddable":true,"href":"https:\/\/www.comitenervo.fr\/index.php?rest_route=%2Fwp%2Fv2%2Ftags&post=2295"}],"curies":[{"name":"wp","href":"https:\/\/api.w.org\/{rel}","templated":true}]}}