{"id":2288,"date":"2014-09-13T22:01:53","date_gmt":"2014-09-13T20:01:53","guid":{"rendered":"https:\/\/www.comitenervo.fr\/?p=2288"},"modified":"2014-11-28T09:40:01","modified_gmt":"2014-11-28T08:40:01","slug":"bal-country-du-dimanche-16-novembre-2014","status":"publish","type":"post","link":"https:\/\/www.comitenervo.fr\/?p=2288","title":{"rendered":"BAL COUNTRY DU DIMANCHE 16 NOVEMBRE 2014."},"content":{"rendered":"<p>Organis\u00e9 en partenariat avec le basket f\u00e9minin, le bal country aura lieu cette ann\u00e9e le dimanche 16 novembre de 14h00<\/p>\n<p>\u00e0 19h00, \u00e0 la salle de la Jeunesse \u00e0 Escaudain.<\/p>\n<p>Afin de permettre aux danseurs de se pr\u00e9parer, nous publions \u00ab\u00a0la Play List\u00a0\u00bb de\u00a0 Jypy et Sundie les chanteurs r\u00e9put\u00e9s dans le secteur qui animeront ce bal.<\/p>\n<p>Nous ajoutons \u00e9galement l&rsquo;affiche avec les num\u00e9ros de t\u00e9l\u00e9phones utiles pour les \u00a0 renseignements et inscriptions.<\/p>\n<p>Fans de danse Country, \u00e0 vos Santiags !!!!!<\/p>\n<div id=\"attachment_2289\" style=\"width: 219px\" class=\"wp-caption alignleft\"><a href=\"https:\/\/www.comitenervo.fr\/wp-content\/uploads\/2014\/09\/affiche-country-2014.jpg\"><img loading=\"lazy\" decoding=\"async\" aria-describedby=\"caption-attachment-2289\" class=\"size-medium wp-image-2289\" src=\"https:\/\/www.comitenervo.fr\/wp-content\/uploads\/2014\/09\/affiche-country-2014-209x300.jpg\" alt=\"Affiche du bal country.\" width=\"209\" height=\"300\" srcset=\"https:\/\/www.comitenervo.fr\/wp-content\/uploads\/2014\/09\/affiche-country-2014-209x300.jpg 209w, https:\/\/www.comitenervo.fr\/wp-content\/uploads\/2014\/09\/affiche-country-2014-715x1024.jpg 715w, https:\/\/www.comitenervo.fr\/wp-content\/uploads\/2014\/09\/affiche-country-2014-104x150.jpg 104w, https:\/\/www.comitenervo.fr\/wp-content\/uploads\/2014\/09\/affiche-country-2014-400x572.jpg 400w, https:\/\/www.comitenervo.fr\/wp-content\/uploads\/2014\/09\/affiche-country-2014.jpg 816w\" sizes=\"auto, (max-width: 209px) 100vw, 209px\" \/><\/a><p id=\"caption-attachment-2289\" class=\"wp-caption-text\">Affiche du bal country.<\/p><\/div>\n<p>&nbsp;<\/p>\n<div id=\"attachment_2292\" style=\"width: 211px\" class=\"wp-caption alignright\"><a href=\"https:\/\/www.comitenervo.fr\/wp-content\/uploads\/2014\/09\/PLAY-LIST-COUNTRY-2014.jpg\"><img loading=\"lazy\" decoding=\"async\" aria-describedby=\"caption-attachment-2292\" class=\"size-medium wp-image-2292\" src=\"https:\/\/www.comitenervo.fr\/wp-content\/uploads\/2014\/09\/PLAY-LIST-COUNTRY-2014-201x300.jpg\" alt=\"Play-List\" width=\"201\" height=\"300\" srcset=\"https:\/\/www.comitenervo.fr\/wp-content\/uploads\/2014\/09\/PLAY-LIST-COUNTRY-2014-201x300.jpg 201w, https:\/\/www.comitenervo.fr\/wp-content\/uploads\/2014\/09\/PLAY-LIST-COUNTRY-2014-687x1024.jpg 687w, https:\/\/www.comitenervo.fr\/wp-content\/uploads\/2014\/09\/PLAY-LIST-COUNTRY-2014-100x150.jpg 100w, https:\/\/www.comitenervo.fr\/wp-content\/uploads\/2014\/09\/PLAY-LIST-COUNTRY-2014-400x595.jpg 400w, https:\/\/www.comitenervo.fr\/wp-content\/uploads\/2014\/09\/PLAY-LIST-COUNTRY-2014.jpg 720w\" sizes=\"auto, (max-width: 201px) 100vw, 201px\" \/><\/a><p id=\"caption-attachment-2292\" class=\"wp-caption-text\">Play-List<\/p><\/div>\n","protected":false},"excerpt":{"rendered":"<p>Organis\u00e9 en partenariat avec le basket f\u00e9minin, le bal country aura lieu cette ann\u00e9e le dimanche 16 novembre de 14h00 \u00e0 19h00, \u00e0 la salle de la Jeunesse \u00e0 Escaudain. Afin de permettre aux danseurs de se pr\u00e9parer, nous publions &hellip; <a href=\"https:\/\/www.comitenervo.fr\/?p=2288\">Continuer la lecture <span class=\"meta-nav\">&rarr;<\/span><\/a><\/p>\n","protected":false},"author":2,"featured_media":0,"comment_status":"open","ping_status":"open","sticky":false,"template":"","format":"standard","meta":{"_monsterinsights_skip_tracking":false,"_monsterinsights_sitenote_active":false,"_monsterinsights_sitenote_note":"","_monsterinsights_sitenote_category":0,"ngg_post_thumbnail":0,"footnotes":""},"categories":[9],"tags":[],"class_list":["post-2288","post","type-post","status-publish","format-standard","hentry","category-evenement"],"_links":{"self":[{"href":"https:\/\/www.comitenervo.fr\/index.php?rest_route=\/wp\/v2\/posts\/2288","targetHints":{"allow":["GET"]}}],"collection":[{"href":"https:\/\/www.comitenervo.fr\/index.php?rest_route=\/wp\/v2\/posts"}],"about":[{"href":"https:\/\/www.comitenervo.fr\/index.php?rest_route=\/wp\/v2\/types\/post"}],"author":[{"embeddable":true,"href":"https:\/\/www.comitenervo.fr\/index.php?rest_route=\/wp\/v2\/users\/2"}],"replies":[{"embeddable":true,"href":"https:\/\/www.comitenervo.fr\/index.php?rest_route=%2Fwp%2Fv2%2Fcomments&post=2288"}],"version-history":[{"count":1,"href":"https:\/\/www.comitenervo.fr\/index.php?rest_route=\/wp\/v2\/posts\/2288\/revisions"}],"predecessor-version":[{"id":2293,"href":"https:\/\/www.comitenervo.fr\/index.php?rest_route=\/wp\/v2\/posts\/2288\/revisions\/2293"}],"wp:attachment":[{"href":"https:\/\/www.comitenervo.fr\/index.php?rest_route=%2Fwp%2Fv2%2Fmedia&parent=2288"}],"wp:term":[{"taxonomy":"category","embeddable":true,"href":"https:\/\/www.comitenervo.fr\/index.php?rest_route=%2Fwp%2Fv2%2Fcategories&post=2288"},{"taxonomy":"post_tag","embeddable":true,"href":"https:\/\/www.comitenervo.fr\/index.php?rest_route=%2Fwp%2Fv2%2Ftags&post=2288"}],"curies":[{"name":"wp","href":"https:\/\/api.w.org\/{rel}","templated":true}]}}