{"id":227,"date":"2011-10-19T12:29:18","date_gmt":"2011-10-19T10:29:18","guid":{"rendered":"https:\/\/www.comitenervo.fr\/?p=227"},"modified":"2012-08-08T22:44:47","modified_gmt":"2012-08-08T20:44:47","slug":"fete-des-aines","status":"publish","type":"post","link":"https:\/\/www.comitenervo.fr\/?p=227","title":{"rendered":"F\u00eate des A\u00een\u00e9s."},"content":{"rendered":"<p>La r\u00e9ception des a\u00een\u00e9s de la cit\u00e9 Nervo se d\u00e9roulera le mercredi 16 novembre \u00e0 la salle de la Jeunesse \u00e0 partir de 15h00.<\/p>\n<p>Comme l&rsquo;ann\u00e9e derni\u00e8re,\u00a0c&rsquo;est le groupe patoisant \u00ab\u00a0Les Rouchissants de Valenciennes\u00a0\u00bb,\u00a0avec son nouveau spectacle,\u00a0qui animera cet apr\u00e8s-midi.<\/p>\n<p><strong>Tarifs:<\/strong> A\u00een\u00e9s de la cit\u00e9 Nervo : gratuit<\/p>\n<p>Adh\u00e9rents: 3\u20ac<\/p>\n<p>Ext\u00e9rieurs : 5\u20ac<\/p>\n<p>Le comit\u00e9 offrira \u00e0 tous le caf\u00e9 et le g\u00e2teau de circonstance.<\/p>\n<p>&nbsp;<\/p>\n<p>Pour tout renseignements compl\u00e9mentaires,vous pouvez appeler le 03\/27\/31\/75\/58.<\/p>\n<p><a href=\"https:\/\/www.comitenervo.fr\/wp-content\/uploads\/2011\/10\/affiche-anciens.jpg\"><img loading=\"lazy\" decoding=\"async\" class=\"alignnone size-medium wp-image-229\" title=\"affiche anciens\" src=\"https:\/\/www.comitenervo.fr\/wp-content\/uploads\/2011\/10\/affiche-anciens-212x300.jpg\" alt=\"\" width=\"212\" height=\"300\" srcset=\"https:\/\/www.comitenervo.fr\/wp-content\/uploads\/2011\/10\/affiche-anciens-212x300.jpg 212w, https:\/\/www.comitenervo.fr\/wp-content\/uploads\/2011\/10\/affiche-anciens-725x1024.jpg 725w, https:\/\/www.comitenervo.fr\/wp-content\/uploads\/2011\/10\/affiche-anciens-106x150.jpg 106w, https:\/\/www.comitenervo.fr\/wp-content\/uploads\/2011\/10\/affiche-anciens-400x564.jpg 400w, https:\/\/www.comitenervo.fr\/wp-content\/uploads\/2011\/10\/affiche-anciens.jpg 816w\" sizes=\"auto, (max-width: 212px) 100vw, 212px\" \/><\/a><\/p>\n<p>&nbsp;<\/p>\n","protected":false},"excerpt":{"rendered":"<p>La r\u00e9ception des a\u00een\u00e9s de la cit\u00e9 Nervo se d\u00e9roulera le mercredi 16 novembre \u00e0 la salle de la Jeunesse \u00e0 partir de 15h00. Comme l&rsquo;ann\u00e9e derni\u00e8re,\u00a0c&rsquo;est le groupe patoisant \u00ab\u00a0Les Rouchissants de Valenciennes\u00a0\u00bb,\u00a0avec son nouveau spectacle,\u00a0qui animera cet apr\u00e8s-midi. &hellip; <a href=\"https:\/\/www.comitenervo.fr\/?p=227\">Continuer la lecture <span class=\"meta-nav\">&rarr;<\/span><\/a><\/p>\n","protected":false},"author":2,"featured_media":0,"comment_status":"open","ping_status":"open","sticky":false,"template":"","format":"standard","meta":{"_monsterinsights_skip_tracking":false,"_monsterinsights_sitenote_active":false,"_monsterinsights_sitenote_note":"","_monsterinsights_sitenote_category":0,"ngg_post_thumbnail":0,"footnotes":""},"categories":[7,9],"tags":[],"class_list":["post-227","post","type-post","status-publish","format-standard","hentry","category-anciens-de-la-cite","category-evenement"],"_links":{"self":[{"href":"https:\/\/www.comitenervo.fr\/index.php?rest_route=\/wp\/v2\/posts\/227","targetHints":{"allow":["GET"]}}],"collection":[{"href":"https:\/\/www.comitenervo.fr\/index.php?rest_route=\/wp\/v2\/posts"}],"about":[{"href":"https:\/\/www.comitenervo.fr\/index.php?rest_route=\/wp\/v2\/types\/post"}],"author":[{"embeddable":true,"href":"https:\/\/www.comitenervo.fr\/index.php?rest_route=\/wp\/v2\/users\/2"}],"replies":[{"embeddable":true,"href":"https:\/\/www.comitenervo.fr\/index.php?rest_route=%2Fwp%2Fv2%2Fcomments&post=227"}],"version-history":[{"count":7,"href":"https:\/\/www.comitenervo.fr\/index.php?rest_route=\/wp\/v2\/posts\/227\/revisions"}],"predecessor-version":[{"id":872,"href":"https:\/\/www.comitenervo.fr\/index.php?rest_route=\/wp\/v2\/posts\/227\/revisions\/872"}],"wp:attachment":[{"href":"https:\/\/www.comitenervo.fr\/index.php?rest_route=%2Fwp%2Fv2%2Fmedia&parent=227"}],"wp:term":[{"taxonomy":"category","embeddable":true,"href":"https:\/\/www.comitenervo.fr\/index.php?rest_route=%2Fwp%2Fv2%2Fcategories&post=227"},{"taxonomy":"post_tag","embeddable":true,"href":"https:\/\/www.comitenervo.fr\/index.php?rest_route=%2Fwp%2Fv2%2Ftags&post=227"}],"curies":[{"name":"wp","href":"https:\/\/api.w.org\/{rel}","templated":true}]}}