{"id":2146,"date":"2014-07-10T23:00:57","date_gmt":"2014-07-10T21:00:57","guid":{"rendered":"https:\/\/www.comitenervo.fr\/?p=2146"},"modified":"2014-11-28T09:42:17","modified_gmt":"2014-11-28T08:42:17","slug":"excursion-a-berck","status":"publish","type":"post","link":"https:\/\/www.comitenervo.fr\/?p=2146","title":{"rendered":"EXCURSION A BERCK."},"content":{"rendered":"<p>Le comit\u00e9 organise une excursion \u00e0 Berck-Plage , le dimanche 10 ao\u00fbt 2014.<\/p>\n<p>D\u00e9part le matin \u00e0 7h30, journ\u00e9e libre \u00e0 Berck et retour \u00e0 Escaudain vers 20h30.<\/p>\n<p>Bulletin d&rsquo;inscription ci-joint<\/p>\n<div id=\"attachment_2149\" style=\"width: 214px\" class=\"wp-caption aligncenter\"><a href=\"https:\/\/www.comitenervo.fr\/wp-content\/uploads\/2014\/07\/nervo-brocante-photocopie.jpg\"><img loading=\"lazy\" decoding=\"async\" aria-describedby=\"caption-attachment-2149\" class=\"size-medium wp-image-2149\" src=\"https:\/\/www.comitenervo.fr\/wp-content\/uploads\/2014\/07\/nervo-brocante-photocopie-204x300.jpg\" alt=\"Fiche d'inscripion.\" width=\"204\" height=\"300\" srcset=\"https:\/\/www.comitenervo.fr\/wp-content\/uploads\/2014\/07\/nervo-brocante-photocopie-204x300.jpg 204w, https:\/\/www.comitenervo.fr\/wp-content\/uploads\/2014\/07\/nervo-brocante-photocopie-102x150.jpg 102w, https:\/\/www.comitenervo.fr\/wp-content\/uploads\/2014\/07\/nervo-brocante-photocopie-400x586.jpg 400w, https:\/\/www.comitenervo.fr\/wp-content\/uploads\/2014\/07\/nervo-brocante-photocopie.jpg 688w\" sizes=\"auto, (max-width: 204px) 100vw, 204px\" \/><\/a><p id=\"caption-attachment-2149\" class=\"wp-caption-text\">Fiche d&rsquo;inscription.<\/p><\/div>\n","protected":false},"excerpt":{"rendered":"<p>Le comit\u00e9 organise une excursion \u00e0 Berck-Plage , le dimanche 10 ao\u00fbt 2014. D\u00e9part le matin \u00e0 7h30, journ\u00e9e libre \u00e0 Berck et retour \u00e0 Escaudain vers 20h30. Bulletin d&rsquo;inscription ci-joint<\/p>\n","protected":false},"author":2,"featured_media":0,"comment_status":"open","ping_status":"open","sticky":false,"template":"","format":"standard","meta":{"_monsterinsights_skip_tracking":false,"_monsterinsights_sitenote_active":false,"_monsterinsights_sitenote_note":"","_monsterinsights_sitenote_category":0,"ngg_post_thumbnail":0,"footnotes":""},"categories":[9,8],"tags":[],"class_list":["post-2146","post","type-post","status-publish","format-standard","hentry","category-evenement","category-voyage"],"_links":{"self":[{"href":"https:\/\/www.comitenervo.fr\/index.php?rest_route=\/wp\/v2\/posts\/2146","targetHints":{"allow":["GET"]}}],"collection":[{"href":"https:\/\/www.comitenervo.fr\/index.php?rest_route=\/wp\/v2\/posts"}],"about":[{"href":"https:\/\/www.comitenervo.fr\/index.php?rest_route=\/wp\/v2\/types\/post"}],"author":[{"embeddable":true,"href":"https:\/\/www.comitenervo.fr\/index.php?rest_route=\/wp\/v2\/users\/2"}],"replies":[{"embeddable":true,"href":"https:\/\/www.comitenervo.fr\/index.php?rest_route=%2Fwp%2Fv2%2Fcomments&post=2146"}],"version-history":[{"count":1,"href":"https:\/\/www.comitenervo.fr\/index.php?rest_route=\/wp\/v2\/posts\/2146\/revisions"}],"predecessor-version":[{"id":2150,"href":"https:\/\/www.comitenervo.fr\/index.php?rest_route=\/wp\/v2\/posts\/2146\/revisions\/2150"}],"wp:attachment":[{"href":"https:\/\/www.comitenervo.fr\/index.php?rest_route=%2Fwp%2Fv2%2Fmedia&parent=2146"}],"wp:term":[{"taxonomy":"category","embeddable":true,"href":"https:\/\/www.comitenervo.fr\/index.php?rest_route=%2Fwp%2Fv2%2Fcategories&post=2146"},{"taxonomy":"post_tag","embeddable":true,"href":"https:\/\/www.comitenervo.fr\/index.php?rest_route=%2Fwp%2Fv2%2Ftags&post=2146"}],"curies":[{"name":"wp","href":"https:\/\/api.w.org\/{rel}","templated":true}]}}