{"id":2140,"date":"2014-07-10T22:46:03","date_gmt":"2014-07-10T20:46:03","guid":{"rendered":"https:\/\/www.comitenervo.fr\/?p=2140"},"modified":"2014-11-28T09:40:46","modified_gmt":"2014-11-28T08:40:46","slug":"la-brocante-sans-la-pluie-cest-mieux","status":"publish","type":"post","link":"https:\/\/www.comitenervo.fr\/?p=2140","title":{"rendered":"LA BROCANTE: SANS LA PLUIE , C&rsquo;EST MIEUX !!!!!!!!!!"},"content":{"rendered":"<p>Les membres du comit\u00e9 n&rsquo;\u00e9taient pas tr\u00e8s optimistes ,vendredi et samedi, en consultant les divers sites m\u00e9t\u00e9o.<\/p>\n<p>Mais, sans b\u00e9n\u00e9ficier d&rsquo;une m\u00e9t\u00e9o exceptionnelle, il n&rsquo; a pas \u00ab\u00a0trop\u00a0\u00bb plu ce dimanche 6 juillet.<\/p>\n<p>Et c&rsquo;est une foule tr\u00e8s nombreuse qui a chin\u00e9 dans les all\u00e9es de la cit\u00e9.<\/p>\n<p>Les vendeurs \u00e9taient contents; les organisateurs aussi, mais c&rsquo;est quand m\u00eame mieux une brocante sans pluie !!!!!!!!<\/p>\n<div id=\"attachment_2141\" style=\"width: 160px\" class=\"wp-caption alignleft\"><a href=\"https:\/\/www.comitenervo.fr\/wp-content\/uploads\/2014\/07\/P1010503-brocante14.jpg\"><img loading=\"lazy\" decoding=\"async\" aria-describedby=\"caption-attachment-2141\" class=\"size-thumbnail wp-image-2141\" src=\"https:\/\/www.comitenervo.fr\/wp-content\/uploads\/2014\/07\/P1010503-brocante14-150x150.jpg\" alt=\"Foule nombreuse.\" width=\"150\" height=\"150\" \/><\/a><p id=\"caption-attachment-2141\" class=\"wp-caption-text\">Foule nombreuse.<\/p><\/div>\n<div id=\"attachment_2142\" style=\"width: 160px\" class=\"wp-caption aligncenter\"><a href=\"https:\/\/www.comitenervo.fr\/wp-content\/uploads\/2014\/07\/P1010506brocante.jpg\"><img loading=\"lazy\" decoding=\"async\" aria-describedby=\"caption-attachment-2142\" class=\"size-thumbnail wp-image-2142\" src=\"https:\/\/www.comitenervo.fr\/wp-content\/uploads\/2014\/07\/P1010506brocante-150x150.jpg\" alt=\"Les riverains pr\u00e9sents.\" width=\"150\" height=\"150\" \/><\/a><p id=\"caption-attachment-2142\" class=\"wp-caption-text\">Les riverains pr\u00e9sents.<\/p><\/div>\n<div id=\"attachment_2143\" style=\"width: 160px\" class=\"wp-caption alignright\"><a href=\"https:\/\/www.comitenervo.fr\/wp-content\/uploads\/2014\/07\/P1010568gilda.jpg\"><img loading=\"lazy\" decoding=\"async\" aria-describedby=\"caption-attachment-2143\" class=\"size-thumbnail wp-image-2143\" src=\"https:\/\/www.comitenervo.fr\/wp-content\/uploads\/2014\/07\/P1010568gilda-150x150.jpg\" alt=\"Visite de Gilda Degres du FPH;\" width=\"150\" height=\"150\" \/><\/a><p id=\"caption-attachment-2143\" class=\"wp-caption-text\">Visite de Gilda Degres du FPH.<\/p><\/div>\n","protected":false},"excerpt":{"rendered":"<p>Les membres du comit\u00e9 n&rsquo;\u00e9taient pas tr\u00e8s optimistes ,vendredi et samedi, en consultant les divers sites m\u00e9t\u00e9o. Mais, sans b\u00e9n\u00e9ficier d&rsquo;une m\u00e9t\u00e9o exceptionnelle, il n&rsquo; a pas \u00ab\u00a0trop\u00a0\u00bb plu ce dimanche 6 juillet. Et c&rsquo;est une foule tr\u00e8s nombreuse qui &hellip; <a href=\"https:\/\/www.comitenervo.fr\/?p=2140\">Continuer la lecture <span class=\"meta-nav\">&rarr;<\/span><\/a><\/p>\n","protected":false},"author":2,"featured_media":0,"comment_status":"open","ping_status":"open","sticky":false,"template":"","format":"standard","meta":{"_monsterinsights_skip_tracking":false,"_monsterinsights_sitenote_active":false,"_monsterinsights_sitenote_note":"","_monsterinsights_sitenote_category":0,"ngg_post_thumbnail":0,"footnotes":""},"categories":[9,6],"tags":[],"class_list":["post-2140","post","type-post","status-publish","format-standard","hentry","category-evenement","category-vie-de-la-cite"],"_links":{"self":[{"href":"https:\/\/www.comitenervo.fr\/index.php?rest_route=\/wp\/v2\/posts\/2140","targetHints":{"allow":["GET"]}}],"collection":[{"href":"https:\/\/www.comitenervo.fr\/index.php?rest_route=\/wp\/v2\/posts"}],"about":[{"href":"https:\/\/www.comitenervo.fr\/index.php?rest_route=\/wp\/v2\/types\/post"}],"author":[{"embeddable":true,"href":"https:\/\/www.comitenervo.fr\/index.php?rest_route=\/wp\/v2\/users\/2"}],"replies":[{"embeddable":true,"href":"https:\/\/www.comitenervo.fr\/index.php?rest_route=%2Fwp%2Fv2%2Fcomments&post=2140"}],"version-history":[{"count":2,"href":"https:\/\/www.comitenervo.fr\/index.php?rest_route=\/wp\/v2\/posts\/2140\/revisions"}],"predecessor-version":[{"id":2145,"href":"https:\/\/www.comitenervo.fr\/index.php?rest_route=\/wp\/v2\/posts\/2140\/revisions\/2145"}],"wp:attachment":[{"href":"https:\/\/www.comitenervo.fr\/index.php?rest_route=%2Fwp%2Fv2%2Fmedia&parent=2140"}],"wp:term":[{"taxonomy":"category","embeddable":true,"href":"https:\/\/www.comitenervo.fr\/index.php?rest_route=%2Fwp%2Fv2%2Fcategories&post=2140"},{"taxonomy":"post_tag","embeddable":true,"href":"https:\/\/www.comitenervo.fr\/index.php?rest_route=%2Fwp%2Fv2%2Ftags&post=2140"}],"curies":[{"name":"wp","href":"https:\/\/api.w.org\/{rel}","templated":true}]}}