{"id":1787,"date":"2014-05-17T22:26:26","date_gmt":"2014-05-17T20:26:26","guid":{"rendered":"https:\/\/www.comitenervo.fr\/?p=1787"},"modified":"2014-11-28T09:47:09","modified_gmt":"2014-11-28T08:47:09","slug":"brocante-du-dimanche-6-juillet-2014","status":"publish","type":"post","link":"https:\/\/www.comitenervo.fr\/?p=1787","title":{"rendered":"BROCANTE DU DIMANCHE 6 JUILLET 2014."},"content":{"rendered":"<p>La brocante du comit\u00e9 Nervo est programm\u00e9e le dimanche 6 juillet 2014.<\/p>\n<p>Renseignements et inscriptions chez Daniel Zaich.<\/p>\n<p>T\u00e9l\u00e9phone 03\/27\/31\/75\/58;<\/p>\n<div id=\"attachment_1788\" style=\"width: 231px\" class=\"wp-caption aligncenter\"><a href=\"https:\/\/www.comitenervo.fr\/wp-content\/uploads\/2014\/05\/brocante-2014-inscription.jpg\"><img loading=\"lazy\" decoding=\"async\" aria-describedby=\"caption-attachment-1788\" class=\"size-medium wp-image-1788\" src=\"https:\/\/www.comitenervo.fr\/wp-content\/uploads\/2014\/05\/brocante-2014-inscription-221x300.jpg\" alt=\"Imprim\u00e9 d'inscription.\" width=\"221\" height=\"300\" srcset=\"https:\/\/www.comitenervo.fr\/wp-content\/uploads\/2014\/05\/brocante-2014-inscription-221x300.jpg 221w, https:\/\/www.comitenervo.fr\/wp-content\/uploads\/2014\/05\/brocante-2014-inscription-756x1024.jpg 756w, https:\/\/www.comitenervo.fr\/wp-content\/uploads\/2014\/05\/brocante-2014-inscription-110x150.jpg 110w, https:\/\/www.comitenervo.fr\/wp-content\/uploads\/2014\/05\/brocante-2014-inscription-400x541.jpg 400w, https:\/\/www.comitenervo.fr\/wp-content\/uploads\/2014\/05\/brocante-2014-inscription.jpg 768w\" sizes=\"auto, (max-width: 221px) 100vw, 221px\" \/><\/a><p id=\"caption-attachment-1788\" class=\"wp-caption-text\">Imprim\u00e9 d&rsquo;inscription.<\/p><\/div>\n","protected":false},"excerpt":{"rendered":"<p>La brocante du comit\u00e9 Nervo est programm\u00e9e le dimanche 6 juillet 2014. Renseignements et inscriptions chez Daniel Zaich. T\u00e9l\u00e9phone 03\/27\/31\/75\/58;<\/p>\n","protected":false},"author":2,"featured_media":0,"comment_status":"open","ping_status":"open","sticky":false,"template":"","format":"standard","meta":{"_monsterinsights_skip_tracking":false,"_monsterinsights_sitenote_active":false,"_monsterinsights_sitenote_note":"","_monsterinsights_sitenote_category":0,"ngg_post_thumbnail":0,"footnotes":""},"categories":[9,6],"tags":[],"class_list":["post-1787","post","type-post","status-publish","format-standard","hentry","category-evenement","category-vie-de-la-cite"],"_links":{"self":[{"href":"https:\/\/www.comitenervo.fr\/index.php?rest_route=\/wp\/v2\/posts\/1787","targetHints":{"allow":["GET"]}}],"collection":[{"href":"https:\/\/www.comitenervo.fr\/index.php?rest_route=\/wp\/v2\/posts"}],"about":[{"href":"https:\/\/www.comitenervo.fr\/index.php?rest_route=\/wp\/v2\/types\/post"}],"author":[{"embeddable":true,"href":"https:\/\/www.comitenervo.fr\/index.php?rest_route=\/wp\/v2\/users\/2"}],"replies":[{"embeddable":true,"href":"https:\/\/www.comitenervo.fr\/index.php?rest_route=%2Fwp%2Fv2%2Fcomments&post=1787"}],"version-history":[{"count":1,"href":"https:\/\/www.comitenervo.fr\/index.php?rest_route=\/wp\/v2\/posts\/1787\/revisions"}],"predecessor-version":[{"id":1789,"href":"https:\/\/www.comitenervo.fr\/index.php?rest_route=\/wp\/v2\/posts\/1787\/revisions\/1789"}],"wp:attachment":[{"href":"https:\/\/www.comitenervo.fr\/index.php?rest_route=%2Fwp%2Fv2%2Fmedia&parent=1787"}],"wp:term":[{"taxonomy":"category","embeddable":true,"href":"https:\/\/www.comitenervo.fr\/index.php?rest_route=%2Fwp%2Fv2%2Fcategories&post=1787"},{"taxonomy":"post_tag","embeddable":true,"href":"https:\/\/www.comitenervo.fr\/index.php?rest_route=%2Fwp%2Fv2%2Ftags&post=1787"}],"curies":[{"name":"wp","href":"https:\/\/api.w.org\/{rel}","templated":true}]}}