{"id":1756,"date":"2014-05-03T21:43:49","date_gmt":"2014-05-03T19:43:49","guid":{"rendered":"https:\/\/www.comitenervo.fr\/?p=1756"},"modified":"2014-11-28T09:47:21","modified_gmt":"2014-11-28T08:47:21","slug":"la-fete-des-voisins","status":"publish","type":"post","link":"https:\/\/www.comitenervo.fr\/?p=1756","title":{"rendered":"LA F\u00caTE DES VOISINS."},"content":{"rendered":"<p>La traditionnelle f\u00eate des voisins aura lieu le samedi 24 mai 2014 \u00e0 partir de 18h00 ( annul\u00e9e en cas de mauvais temps ), au niveau des 23 et 24 all\u00e9e de Nervo.<\/p>\n<p>Comme d&rsquo;habitude, une boisson sera offerte \u00e0 chaque participant, des barbecues seront mis \u00e0 disposition et enfin notre DJ Ludovic Roger vous proposera tous les types de musique.<\/p>\n<p>Enfin, pour les enfants de moins de 12 ans, un jeu gonflable est pr\u00e9vu.<\/p>\n<p><a href=\"https:\/\/www.comitenervo.fr\/wp-content\/uploads\/2014\/05\/VOISINS-2014.jpg\"><img loading=\"lazy\" decoding=\"async\" class=\"aligncenter size-medium wp-image-1757\" alt=\"VOISINS 2014\" src=\"https:\/\/www.comitenervo.fr\/wp-content\/uploads\/2014\/05\/VOISINS-2014-300x207.jpg\" width=\"300\" height=\"207\" srcset=\"https:\/\/www.comitenervo.fr\/wp-content\/uploads\/2014\/05\/VOISINS-2014-300x207.jpg 300w, https:\/\/www.comitenervo.fr\/wp-content\/uploads\/2014\/05\/VOISINS-2014-1024x706.jpg 1024w, https:\/\/www.comitenervo.fr\/wp-content\/uploads\/2014\/05\/VOISINS-2014-150x103.jpg 150w, https:\/\/www.comitenervo.fr\/wp-content\/uploads\/2014\/05\/VOISINS-2014-400x276.jpg 400w, https:\/\/www.comitenervo.fr\/wp-content\/uploads\/2014\/05\/VOISINS-2014.jpg 1136w\" sizes=\"auto, (max-width: 300px) 100vw, 300px\" \/><\/a>Donc tout est programm\u00e9; \u00a0<em><strong> seule\u00a0 la pluie n&rsquo;est pas invit\u00e9e !!!!!<\/strong><\/em><\/p>\n","protected":false},"excerpt":{"rendered":"<p>La traditionnelle f\u00eate des voisins aura lieu le samedi 24 mai 2014 \u00e0 partir de 18h00 ( annul\u00e9e en cas de mauvais temps ), au niveau des 23 et 24 all\u00e9e de Nervo. Comme d&rsquo;habitude, une boisson sera offerte \u00e0 &hellip; <a href=\"https:\/\/www.comitenervo.fr\/?p=1756\">Continuer la lecture <span class=\"meta-nav\">&rarr;<\/span><\/a><\/p>\n","protected":false},"author":2,"featured_media":0,"comment_status":"open","ping_status":"open","sticky":false,"template":"","format":"standard","meta":{"_monsterinsights_skip_tracking":false,"_monsterinsights_sitenote_active":false,"_monsterinsights_sitenote_note":"","_monsterinsights_sitenote_category":0,"ngg_post_thumbnail":0,"footnotes":""},"categories":[9,6],"tags":[],"class_list":["post-1756","post","type-post","status-publish","format-standard","hentry","category-evenement","category-vie-de-la-cite"],"_links":{"self":[{"href":"https:\/\/www.comitenervo.fr\/index.php?rest_route=\/wp\/v2\/posts\/1756","targetHints":{"allow":["GET"]}}],"collection":[{"href":"https:\/\/www.comitenervo.fr\/index.php?rest_route=\/wp\/v2\/posts"}],"about":[{"href":"https:\/\/www.comitenervo.fr\/index.php?rest_route=\/wp\/v2\/types\/post"}],"author":[{"embeddable":true,"href":"https:\/\/www.comitenervo.fr\/index.php?rest_route=\/wp\/v2\/users\/2"}],"replies":[{"embeddable":true,"href":"https:\/\/www.comitenervo.fr\/index.php?rest_route=%2Fwp%2Fv2%2Fcomments&post=1756"}],"version-history":[{"count":2,"href":"https:\/\/www.comitenervo.fr\/index.php?rest_route=\/wp\/v2\/posts\/1756\/revisions"}],"predecessor-version":[{"id":1759,"href":"https:\/\/www.comitenervo.fr\/index.php?rest_route=\/wp\/v2\/posts\/1756\/revisions\/1759"}],"wp:attachment":[{"href":"https:\/\/www.comitenervo.fr\/index.php?rest_route=%2Fwp%2Fv2%2Fmedia&parent=1756"}],"wp:term":[{"taxonomy":"category","embeddable":true,"href":"https:\/\/www.comitenervo.fr\/index.php?rest_route=%2Fwp%2Fv2%2Fcategories&post=1756"},{"taxonomy":"post_tag","embeddable":true,"href":"https:\/\/www.comitenervo.fr\/index.php?rest_route=%2Fwp%2Fv2%2Ftags&post=1756"}],"curies":[{"name":"wp","href":"https:\/\/api.w.org\/{rel}","templated":true}]}}