{"id":1745,"date":"2014-04-27T10:29:45","date_gmt":"2014-04-27T08:29:45","guid":{"rendered":"https:\/\/www.comitenervo.fr\/?p=1745"},"modified":"2014-11-28T09:41:31","modified_gmt":"2014-11-28T08:41:31","slug":"les-100-ans-de-madame-dubart","status":"publish","type":"post","link":"https:\/\/www.comitenervo.fr\/?p=1745","title":{"rendered":"LES 100 ANS DE MADAME DUBART !!!!!!"},"content":{"rendered":"<p>En effet , c&rsquo;est ce mardi 22 avril 2014 que\u00a0 madame Dubart L\u00e9ontine a f\u00eate ses 100 ans.<\/p>\n<p>Madame Dubart a pratiquement toujours habit\u00e9 la cit\u00e9 Nervo, all\u00e9e Branly.<\/p>\n<p>Donc ,de l&rsquo;\u00e9motion ,quelques larmes et beaucoup d&rsquo;anecdotes.<\/p>\n<p>Daniel Wuilbeaux,\u00a0 Raymond Lh\u00e9rissson,\u00a0 Krystyna et Daniel Zaich, qui repr\u00e9sentaient le comit\u00e9, ont remis \u00e0 L\u00e9ontine un bouquet de fleurs et un ch\u00e2le\u00a0 au nom des habitants du quartier.<\/p>\n<p>&nbsp;<\/p>\n<p><a href=\"https:\/\/www.comitenervo.fr\/wp-content\/uploads\/2014\/04\/P1010357.jpg\"><img loading=\"lazy\" decoding=\"async\" class=\"alignleft  wp-image-1747\" alt=\"P1010357\" src=\"https:\/\/www.comitenervo.fr\/wp-content\/uploads\/2014\/04\/P1010357-150x150.jpg\" width=\"150\" height=\"150\" \/><\/a><\/p>\n<p><a href=\"https:\/\/www.comitenervo.fr\/wp-content\/uploads\/2014\/04\/P1010364.jpg\"><img loading=\"lazy\" decoding=\"async\" class=\"alignright  wp-image-1748\" alt=\"P1010364\" src=\"https:\/\/www.comitenervo.fr\/wp-content\/uploads\/2014\/04\/P1010364-150x150.jpg\" width=\"150\" height=\"150\" \/><\/a><\/p>\n<p>&nbsp;<\/p>\n<p>&nbsp;<\/p>\n<p>&nbsp;<\/p>\n","protected":false},"excerpt":{"rendered":"<p>En effet , c&rsquo;est ce mardi 22 avril 2014 que\u00a0 madame Dubart L\u00e9ontine a f\u00eate ses 100 ans. Madame Dubart a pratiquement toujours habit\u00e9 la cit\u00e9 Nervo, all\u00e9e Branly. Donc ,de l&rsquo;\u00e9motion ,quelques larmes et beaucoup d&rsquo;anecdotes. Daniel Wuilbeaux,\u00a0 Raymond &hellip; <a href=\"https:\/\/www.comitenervo.fr\/?p=1745\">Continuer la lecture <span class=\"meta-nav\">&rarr;<\/span><\/a><\/p>\n","protected":false},"author":2,"featured_media":0,"comment_status":"open","ping_status":"open","sticky":false,"template":"","format":"standard","meta":{"_monsterinsights_skip_tracking":false,"_monsterinsights_sitenote_active":false,"_monsterinsights_sitenote_note":"","_monsterinsights_sitenote_category":0,"ngg_post_thumbnail":0,"footnotes":""},"categories":[7,10],"tags":[],"class_list":["post-1745","post","type-post","status-publish","format-standard","hentry","category-anciens-de-la-cite","category-portrait"],"_links":{"self":[{"href":"https:\/\/www.comitenervo.fr\/index.php?rest_route=\/wp\/v2\/posts\/1745","targetHints":{"allow":["GET"]}}],"collection":[{"href":"https:\/\/www.comitenervo.fr\/index.php?rest_route=\/wp\/v2\/posts"}],"about":[{"href":"https:\/\/www.comitenervo.fr\/index.php?rest_route=\/wp\/v2\/types\/post"}],"author":[{"embeddable":true,"href":"https:\/\/www.comitenervo.fr\/index.php?rest_route=\/wp\/v2\/users\/2"}],"replies":[{"embeddable":true,"href":"https:\/\/www.comitenervo.fr\/index.php?rest_route=%2Fwp%2Fv2%2Fcomments&post=1745"}],"version-history":[{"count":6,"href":"https:\/\/www.comitenervo.fr\/index.php?rest_route=\/wp\/v2\/posts\/1745\/revisions"}],"predecessor-version":[{"id":1755,"href":"https:\/\/www.comitenervo.fr\/index.php?rest_route=\/wp\/v2\/posts\/1745\/revisions\/1755"}],"wp:attachment":[{"href":"https:\/\/www.comitenervo.fr\/index.php?rest_route=%2Fwp%2Fv2%2Fmedia&parent=1745"}],"wp:term":[{"taxonomy":"category","embeddable":true,"href":"https:\/\/www.comitenervo.fr\/index.php?rest_route=%2Fwp%2Fv2%2Fcategories&post=1745"},{"taxonomy":"post_tag","embeddable":true,"href":"https:\/\/www.comitenervo.fr\/index.php?rest_route=%2Fwp%2Fv2%2Ftags&post=1745"}],"curies":[{"name":"wp","href":"https:\/\/api.w.org\/{rel}","templated":true}]}}