{"id":1734,"date":"2014-04-11T22:17:21","date_gmt":"2014-04-11T20:17:21","guid":{"rendered":"https:\/\/www.comitenervo.fr\/?p=1734"},"modified":"2014-11-28T09:41:53","modified_gmt":"2014-11-28T08:41:53","slug":"le-tresorier-champion-a-la-belote","status":"publish","type":"post","link":"https:\/\/www.comitenervo.fr\/?p=1734","title":{"rendered":"LE TRESORIER, CHAMPION A LA BELOTE !!!!!!!!!!!!"},"content":{"rendered":"<p>En effet, c&rsquo;est le tr\u00e9sorier Daniel Zaich qui a remport\u00e9 le challenge de belote organis\u00e9 par le comit\u00e9 en mars et avril 2014.<\/p>\n<p>Il faut remercier Marie-France pour l&rsquo;organisation sans failles de ce challenge qui s&rsquo;est disput\u00e9 sur 4 jeudis et 16 parties.<\/p>\n<p>Tous les\u00a0 20 participants ont \u00e9t\u00e9 r\u00e9compens\u00e9s et le pr\u00e9sident Daniel Wuilbeaux a soulign\u00e9 le bon esprit qui a anim\u00e9 ce challenge.<\/p>\n<div id=\"attachment_1738\" style=\"width: 160px\" class=\"wp-caption alignright\"><a href=\"https:\/\/www.comitenervo.fr\/wp-content\/uploads\/2014\/04\/P1010332.jpg\"><img loading=\"lazy\" decoding=\"async\" aria-describedby=\"caption-attachment-1738\" class=\"size-thumbnail wp-image-1738\" alt=\"Pendant le challenge.\" src=\"https:\/\/www.comitenervo.fr\/wp-content\/uploads\/2014\/04\/P1010332-150x150.jpg\" width=\"150\" height=\"150\" \/><\/a><p id=\"caption-attachment-1738\" class=\"wp-caption-text\">Pendant le challenge.<\/p><\/div>\n<div id=\"attachment_1737\" style=\"width: 160px\" class=\"wp-caption alignleft\"><a href=\"https:\/\/www.comitenervo.fr\/wp-content\/uploads\/2014\/04\/P1010324.jpg\"><img loading=\"lazy\" decoding=\"async\" aria-describedby=\"caption-attachment-1737\" class=\"size-thumbnail wp-image-1737\" alt=\"Lesparticipants.\" src=\"https:\/\/www.comitenervo.fr\/wp-content\/uploads\/2014\/04\/P1010324-150x150.jpg\" width=\"150\" height=\"150\" \/><\/a><p id=\"caption-attachment-1737\" class=\"wp-caption-text\">Les participants.\u00a0\u00a0\u00a0<\/p><\/div>\n","protected":false},"excerpt":{"rendered":"<p>En effet, c&rsquo;est le tr\u00e9sorier Daniel Zaich qui a remport\u00e9 le challenge de belote organis\u00e9 par le comit\u00e9 en mars et avril 2014. Il faut remercier Marie-France pour l&rsquo;organisation sans failles de ce challenge qui s&rsquo;est disput\u00e9 sur 4 jeudis &hellip; <a href=\"https:\/\/www.comitenervo.fr\/?p=1734\">Continuer la lecture <span class=\"meta-nav\">&rarr;<\/span><\/a><\/p>\n","protected":false},"author":2,"featured_media":0,"comment_status":"open","ping_status":"open","sticky":false,"template":"","format":"standard","meta":{"_monsterinsights_skip_tracking":false,"_monsterinsights_sitenote_active":false,"_monsterinsights_sitenote_note":"","_monsterinsights_sitenote_category":0,"ngg_post_thumbnail":0,"footnotes":""},"categories":[6],"tags":[],"class_list":["post-1734","post","type-post","status-publish","format-standard","hentry","category-vie-de-la-cite"],"_links":{"self":[{"href":"https:\/\/www.comitenervo.fr\/index.php?rest_route=\/wp\/v2\/posts\/1734","targetHints":{"allow":["GET"]}}],"collection":[{"href":"https:\/\/www.comitenervo.fr\/index.php?rest_route=\/wp\/v2\/posts"}],"about":[{"href":"https:\/\/www.comitenervo.fr\/index.php?rest_route=\/wp\/v2\/types\/post"}],"author":[{"embeddable":true,"href":"https:\/\/www.comitenervo.fr\/index.php?rest_route=\/wp\/v2\/users\/2"}],"replies":[{"embeddable":true,"href":"https:\/\/www.comitenervo.fr\/index.php?rest_route=%2Fwp%2Fv2%2Fcomments&post=1734"}],"version-history":[{"count":5,"href":"https:\/\/www.comitenervo.fr\/index.php?rest_route=\/wp\/v2\/posts\/1734\/revisions"}],"predecessor-version":[{"id":1742,"href":"https:\/\/www.comitenervo.fr\/index.php?rest_route=\/wp\/v2\/posts\/1734\/revisions\/1742"}],"wp:attachment":[{"href":"https:\/\/www.comitenervo.fr\/index.php?rest_route=%2Fwp%2Fv2%2Fmedia&parent=1734"}],"wp:term":[{"taxonomy":"category","embeddable":true,"href":"https:\/\/www.comitenervo.fr\/index.php?rest_route=%2Fwp%2Fv2%2Fcategories&post=1734"},{"taxonomy":"post_tag","embeddable":true,"href":"https:\/\/www.comitenervo.fr\/index.php?rest_route=%2Fwp%2Fv2%2Ftags&post=1734"}],"curies":[{"name":"wp","href":"https:\/\/api.w.org\/{rel}","templated":true}]}}