{"id":1722,"date":"2014-03-08T09:40:56","date_gmt":"2014-03-08T08:40:56","guid":{"rendered":"https:\/\/www.comitenervo.fr\/?p=1722"},"modified":"2014-11-28T09:46:04","modified_gmt":"2014-11-28T08:46:04","slug":"succes-du-repas-du-comite-2","status":"publish","type":"post","link":"https:\/\/www.comitenervo.fr\/?p=1722","title":{"rendered":"SUCCES  DU REPAS DU COMITE."},"content":{"rendered":"<p>\u00c7\u00e0 s&rsquo;est pass\u00e9 un dimanche !!!!!!<\/p>\n<p>En effet, cette ann\u00e9e le comit\u00e9 avait d\u00e9cid\u00e9 de programmer le repas un dimanche, et ce choix s&rsquo;est r\u00e9v\u00e9l\u00e9 judicieux car les participants, en g\u00e9n\u00e9ral plus \u00e2g\u00e9s, ont appr\u00e9ci\u00e9.<\/p>\n<p>Une bonne ambiance familiale, une paella ou une choucroute, une petite valse et l&rsquo;apr\u00e8s-midi est pass\u00e9e\u00a0 trop vite.<\/p>\n<p>Rendez-vous est d\u00e9j\u00e0 pris pour 2015 .<\/p>\n<div id=\"attachment_1725\" style=\"width: 160px\" class=\"wp-caption alignright\"><a href=\"https:\/\/www.comitenervo.fr\/wp-content\/uploads\/2014\/03\/DSC01204.jpg\"><img loading=\"lazy\" decoding=\"async\" aria-describedby=\"caption-attachment-1725\" class=\"size-thumbnail wp-image-1725\" alt=\"C'\u00e9tait bon Michel ?\" src=\"https:\/\/www.comitenervo.fr\/wp-content\/uploads\/2014\/03\/DSC01204-150x150.jpg\" width=\"150\" height=\"150\" \/><\/a><p id=\"caption-attachment-1725\" class=\"wp-caption-text\">C&rsquo;\u00e9tait bon Michel ?<\/p><\/div>\n<div id=\"attachment_1724\" style=\"width: 160px\" class=\"wp-caption alignleft\"><a href=\"https:\/\/www.comitenervo.fr\/wp-content\/uploads\/2014\/03\/DSC01195.jpg\"><img loading=\"lazy\" decoding=\"async\" aria-describedby=\"caption-attachment-1724\" class=\"size-thumbnail wp-image-1724\" alt=\"Ludo, notre DJ\" src=\"https:\/\/www.comitenervo.fr\/wp-content\/uploads\/2014\/03\/DSC01195-150x150.jpg\" width=\"150\" height=\"150\" \/><\/a><p id=\"caption-attachment-1724\" class=\"wp-caption-text\">Ludo, notre DJ<\/p><\/div>\n","protected":false},"excerpt":{"rendered":"<p>\u00c7\u00e0 s&rsquo;est pass\u00e9 un dimanche !!!!!! En effet, cette ann\u00e9e le comit\u00e9 avait d\u00e9cid\u00e9 de programmer le repas un dimanche, et ce choix s&rsquo;est r\u00e9v\u00e9l\u00e9 judicieux car les participants, en g\u00e9n\u00e9ral plus \u00e2g\u00e9s, ont appr\u00e9ci\u00e9. Une bonne ambiance familiale, une &hellip; <a href=\"https:\/\/www.comitenervo.fr\/?p=1722\">Continuer la lecture <span class=\"meta-nav\">&rarr;<\/span><\/a><\/p>\n","protected":false},"author":2,"featured_media":0,"comment_status":"open","ping_status":"open","sticky":false,"template":"","format":"standard","meta":{"_monsterinsights_skip_tracking":false,"_monsterinsights_sitenote_active":false,"_monsterinsights_sitenote_note":"","_monsterinsights_sitenote_category":0,"ngg_post_thumbnail":0,"footnotes":""},"categories":[9],"tags":[],"class_list":["post-1722","post","type-post","status-publish","format-standard","hentry","category-evenement"],"_links":{"self":[{"href":"https:\/\/www.comitenervo.fr\/index.php?rest_route=\/wp\/v2\/posts\/1722","targetHints":{"allow":["GET"]}}],"collection":[{"href":"https:\/\/www.comitenervo.fr\/index.php?rest_route=\/wp\/v2\/posts"}],"about":[{"href":"https:\/\/www.comitenervo.fr\/index.php?rest_route=\/wp\/v2\/types\/post"}],"author":[{"embeddable":true,"href":"https:\/\/www.comitenervo.fr\/index.php?rest_route=\/wp\/v2\/users\/2"}],"replies":[{"embeddable":true,"href":"https:\/\/www.comitenervo.fr\/index.php?rest_route=%2Fwp%2Fv2%2Fcomments&post=1722"}],"version-history":[{"count":3,"href":"https:\/\/www.comitenervo.fr\/index.php?rest_route=\/wp\/v2\/posts\/1722\/revisions"}],"predecessor-version":[{"id":1728,"href":"https:\/\/www.comitenervo.fr\/index.php?rest_route=\/wp\/v2\/posts\/1722\/revisions\/1728"}],"wp:attachment":[{"href":"https:\/\/www.comitenervo.fr\/index.php?rest_route=%2Fwp%2Fv2%2Fmedia&parent=1722"}],"wp:term":[{"taxonomy":"category","embeddable":true,"href":"https:\/\/www.comitenervo.fr\/index.php?rest_route=%2Fwp%2Fv2%2Fcategories&post=1722"},{"taxonomy":"post_tag","embeddable":true,"href":"https:\/\/www.comitenervo.fr\/index.php?rest_route=%2Fwp%2Fv2%2Ftags&post=1722"}],"curies":[{"name":"wp","href":"https:\/\/api.w.org\/{rel}","templated":true}]}}