{"id":1700,"date":"2014-01-27T21:52:24","date_gmt":"2014-01-27T20:52:24","guid":{"rendered":"https:\/\/www.comitenervo.fr\/?p=1700"},"modified":"2014-11-28T09:45:41","modified_gmt":"2014-11-28T08:45:41","slug":"repas-du-dimanche-2-mars-2014","status":"publish","type":"post","link":"https:\/\/www.comitenervo.fr\/?p=1700","title":{"rendered":"REPAS DU DIMANCHE 2 MARS 2014."},"content":{"rendered":"<p>&nbsp;<\/p>\n<p>Le traditionnel repas de comit\u00e9 aura lieu, cette ann\u00e9e, le dimanche 2 mars \u00e0 partir de 12h00 \u00e0 la salle Salengro du Quart de Six Heures.<\/p>\n<p>Paella et choucroute sont au menu .\u00a0 L&rsquo;animation sera\u00a0 confi\u00e9e \u00e0 Ludovic Roger.<\/p>\n<p>Donc, une bonne\u00a0 occasion pour passer une excellente\u00a0 apr\u00e8s-midi&#8230;&#8230;. et pas de repas \u00e0 pr\u00e9parer !!!!!!!!<\/p>\n<p><strong>Renseignements et inscriptions aux 06\/82\/30\/68\/80 et 03\/27\/31\/75\/58<\/strong><\/p>\n<p>&nbsp;<\/p>\n<div id=\"attachment_1704\" style=\"width: 160px\" class=\"wp-caption alignright\"><a href=\"https:\/\/www.comitenervo.fr\/wp-content\/uploads\/2014\/01\/P1000235.jpg\"><img loading=\"lazy\" decoding=\"async\" aria-describedby=\"caption-attachment-1704\" class=\"size-thumbnail wp-image-1704\" alt=\"En 2013.\" src=\"https:\/\/www.comitenervo.fr\/wp-content\/uploads\/2014\/01\/P1000235-150x150.jpg\" width=\"150\" height=\"150\" \/><\/a><p id=\"caption-attachment-1704\" class=\"wp-caption-text\">En 2013.<\/p><\/div>\n<p><a href=\"https:\/\/www.comitenervo.fr\/wp-content\/uploads\/2014\/01\/P1000239.jpg\"><img loading=\"lazy\" decoding=\"async\" class=\"alignleft size-thumbnail wp-image-1705\" alt=\"P1000239\" src=\"https:\/\/www.comitenervo.fr\/wp-content\/uploads\/2014\/01\/P1000239-150x150.jpg\" width=\"150\" height=\"150\" \/><\/a><\/p>\n","protected":false},"excerpt":{"rendered":"<p>&nbsp; Le traditionnel repas de comit\u00e9 aura lieu, cette ann\u00e9e, le dimanche 2 mars \u00e0 partir de 12h00 \u00e0 la salle Salengro du Quart de Six Heures. Paella et choucroute sont au menu .\u00a0 L&rsquo;animation sera\u00a0 confi\u00e9e \u00e0 Ludovic Roger. &hellip; <a href=\"https:\/\/www.comitenervo.fr\/?p=1700\">Continuer la lecture <span class=\"meta-nav\">&rarr;<\/span><\/a><\/p>\n","protected":false},"author":2,"featured_media":0,"comment_status":"open","ping_status":"open","sticky":false,"template":"","format":"standard","meta":{"_monsterinsights_skip_tracking":false,"_monsterinsights_sitenote_active":false,"_monsterinsights_sitenote_note":"","_monsterinsights_sitenote_category":0,"ngg_post_thumbnail":0,"footnotes":""},"categories":[9],"tags":[],"class_list":["post-1700","post","type-post","status-publish","format-standard","hentry","category-evenement"],"_links":{"self":[{"href":"https:\/\/www.comitenervo.fr\/index.php?rest_route=\/wp\/v2\/posts\/1700","targetHints":{"allow":["GET"]}}],"collection":[{"href":"https:\/\/www.comitenervo.fr\/index.php?rest_route=\/wp\/v2\/posts"}],"about":[{"href":"https:\/\/www.comitenervo.fr\/index.php?rest_route=\/wp\/v2\/types\/post"}],"author":[{"embeddable":true,"href":"https:\/\/www.comitenervo.fr\/index.php?rest_route=\/wp\/v2\/users\/2"}],"replies":[{"embeddable":true,"href":"https:\/\/www.comitenervo.fr\/index.php?rest_route=%2Fwp%2Fv2%2Fcomments&post=1700"}],"version-history":[{"count":5,"href":"https:\/\/www.comitenervo.fr\/index.php?rest_route=\/wp\/v2\/posts\/1700\/revisions"}],"predecessor-version":[{"id":1709,"href":"https:\/\/www.comitenervo.fr\/index.php?rest_route=\/wp\/v2\/posts\/1700\/revisions\/1709"}],"wp:attachment":[{"href":"https:\/\/www.comitenervo.fr\/index.php?rest_route=%2Fwp%2Fv2%2Fmedia&parent=1700"}],"wp:term":[{"taxonomy":"category","embeddable":true,"href":"https:\/\/www.comitenervo.fr\/index.php?rest_route=%2Fwp%2Fv2%2Fcategories&post=1700"},{"taxonomy":"post_tag","embeddable":true,"href":"https:\/\/www.comitenervo.fr\/index.php?rest_route=%2Fwp%2Fv2%2Ftags&post=1700"}],"curies":[{"name":"wp","href":"https:\/\/api.w.org\/{rel}","templated":true}]}}