{"id":1657,"date":"2014-01-12T10:29:22","date_gmt":"2014-01-12T09:29:22","guid":{"rendered":"https:\/\/www.comitenervo.fr\/?p=1657"},"modified":"2014-11-28T09:44:50","modified_gmt":"2014-11-28T08:44:50","slug":"assemblee-generale","status":"publish","type":"post","link":"https:\/\/www.comitenervo.fr\/?p=1657","title":{"rendered":"ASSEMBLEE GENERALE."},"content":{"rendered":"<p>L&rsquo;assembl\u00e9e g\u00e9n\u00e9rale du comit\u00e9 des f\u00eates de la cit\u00e9 Nervo \u00e0 Escaudain aura lieu le samedi 18 janvier 2014 \u00e0 partir\u00a0 de<\/p>\n<p>15h00 \u00e0 la salle D\u00e9ruelle au Quart de Six Heures.<\/p>\n<p>Suite \u00e0 la prise de position du pr\u00e9sident Daniel Wuilbeaux, la pr\u00e9sence nombreuse des adh\u00e9rents est souhait\u00e9e .<\/p>\n<p>A l&rsquo;ordre du jour:<\/p>\n<p>* Rapport moral du pr\u00e9sident.<\/p>\n<p>*Rapport d&rsquo;activit\u00e9s.<\/p>\n<p>*Rapport financier.<\/p>\n<p>*Questions diverses.<\/p>\n<p>*\u00c9lection du comit\u00e9.<\/p>\n<p>&nbsp;<\/p>\n","protected":false},"excerpt":{"rendered":"<p>L&rsquo;assembl\u00e9e g\u00e9n\u00e9rale du comit\u00e9 des f\u00eates de la cit\u00e9 Nervo \u00e0 Escaudain aura lieu le samedi 18 janvier 2014 \u00e0 partir\u00a0 de 15h00 \u00e0 la salle D\u00e9ruelle au Quart de Six Heures. Suite \u00e0 la prise de position du pr\u00e9sident &hellip; <a href=\"https:\/\/www.comitenervo.fr\/?p=1657\">Continuer la lecture <span class=\"meta-nav\">&rarr;<\/span><\/a><\/p>\n","protected":false},"author":2,"featured_media":0,"comment_status":"open","ping_status":"open","sticky":false,"template":"","format":"standard","meta":{"_monsterinsights_skip_tracking":false,"_monsterinsights_sitenote_active":false,"_monsterinsights_sitenote_note":"","_monsterinsights_sitenote_category":0,"ngg_post_thumbnail":0,"footnotes":""},"categories":[9],"tags":[],"class_list":["post-1657","post","type-post","status-publish","format-standard","hentry","category-evenement"],"_links":{"self":[{"href":"https:\/\/www.comitenervo.fr\/index.php?rest_route=\/wp\/v2\/posts\/1657","targetHints":{"allow":["GET"]}}],"collection":[{"href":"https:\/\/www.comitenervo.fr\/index.php?rest_route=\/wp\/v2\/posts"}],"about":[{"href":"https:\/\/www.comitenervo.fr\/index.php?rest_route=\/wp\/v2\/types\/post"}],"author":[{"embeddable":true,"href":"https:\/\/www.comitenervo.fr\/index.php?rest_route=\/wp\/v2\/users\/2"}],"replies":[{"embeddable":true,"href":"https:\/\/www.comitenervo.fr\/index.php?rest_route=%2Fwp%2Fv2%2Fcomments&post=1657"}],"version-history":[{"count":4,"href":"https:\/\/www.comitenervo.fr\/index.php?rest_route=\/wp\/v2\/posts\/1657\/revisions"}],"predecessor-version":[{"id":1661,"href":"https:\/\/www.comitenervo.fr\/index.php?rest_route=\/wp\/v2\/posts\/1657\/revisions\/1661"}],"wp:attachment":[{"href":"https:\/\/www.comitenervo.fr\/index.php?rest_route=%2Fwp%2Fv2%2Fmedia&parent=1657"}],"wp:term":[{"taxonomy":"category","embeddable":true,"href":"https:\/\/www.comitenervo.fr\/index.php?rest_route=%2Fwp%2Fv2%2Fcategories&post=1657"},{"taxonomy":"post_tag","embeddable":true,"href":"https:\/\/www.comitenervo.fr\/index.php?rest_route=%2Fwp%2Fv2%2Ftags&post=1657"}],"curies":[{"name":"wp","href":"https:\/\/api.w.org\/{rel}","templated":true}]}}