{"id":1631,"date":"2013-12-22T19:41:05","date_gmt":"2013-12-22T18:41:05","guid":{"rendered":"https:\/\/www.comitenervo.fr\/?p=1631"},"modified":"2014-11-28T09:44:23","modified_gmt":"2014-11-28T08:44:23","slug":"le-pere-noel-et-les-enfants-ont-eu-froid","status":"publish","type":"post","link":"https:\/\/www.comitenervo.fr\/?p=1631","title":{"rendered":"LE PERE NO\u00cbL ET LES ENFANTS ONT EU FROID."},"content":{"rendered":"<p>Bien s\u00fbr,\u00a0 certains diront que c&rsquo;est un temps de saison, nous sommes en hiver; mais quand m\u00eame\u00a0 il faisait tr\u00e8s froid ce samedi!!!!!<\/p>\n<p>Le p\u00e8re No\u00ebl G\u00e9rard ,\u00a0 a distribu\u00e9 pr\u00e8s de 70 sachets de friandises aux enfants du quartier. Les parents et amis sont venus \u00e9galement nombreux discuter , et se r\u00e9chauffer devant un caf\u00e9 ou un chocolat;\u00a0 en effet , ce No\u00ebl des enfants est aussi une occasion pour\u00a0 se r\u00e9unir .<\/p>\n<p>Dommage de ne pas poss\u00e9der un local, car c&rsquo;est certain , les discussions auraient \u00e9t\u00e9 beaucoup plus longues, n&rsquo;est-ce pas Marcel!!!!!.<\/p>\n<p>F\u00e9licitations donc \u00e0 Christianne et Joselyne,\u00a0 les responsables de l&rsquo;op\u00e9ration.<\/p>\n<p>&nbsp;<\/p>\n<div id=\"attachment_1633\" style=\"width: 160px\" class=\"wp-caption alignright\"><a href=\"https:\/\/www.comitenervo.fr\/wp-content\/uploads\/2013\/12\/P1010220.jpg\"><img loading=\"lazy\" decoding=\"async\" aria-describedby=\"caption-attachment-1633\" class=\"size-thumbnail wp-image-1633\" alt=\"Il n'y a pas d'\u00e2ge pour le P\u00e8re No\u00ebl.\" src=\"https:\/\/www.comitenervo.fr\/wp-content\/uploads\/2013\/12\/P1010220-150x150.jpg\" width=\"150\" height=\"150\" \/><\/a><p id=\"caption-attachment-1633\" class=\"wp-caption-text\">Il n&rsquo;y a pas d&rsquo;\u00e2ge pour le P\u00e8re No\u00ebl.<\/p><\/div>\n<div id=\"attachment_1632\" style=\"width: 160px\" class=\"wp-caption alignleft\"><a href=\"https:\/\/www.comitenervo.fr\/wp-content\/uploads\/2013\/12\/P1010222.jpg\"><img loading=\"lazy\" decoding=\"async\" aria-describedby=\"caption-attachment-1632\" class=\"size-thumbnail wp-image-1632\" alt=\"Un groupe d'enfants et de parents.\" src=\"https:\/\/www.comitenervo.fr\/wp-content\/uploads\/2013\/12\/P1010222-150x150.jpg\" width=\"150\" height=\"150\" \/><\/a><p id=\"caption-attachment-1632\" class=\"wp-caption-text\">Un groupe d&rsquo;enfants et de parents.<\/p><\/div>\n","protected":false},"excerpt":{"rendered":"<p>Bien s\u00fbr,\u00a0 certains diront que c&rsquo;est un temps de saison, nous sommes en hiver; mais quand m\u00eame\u00a0 il faisait tr\u00e8s froid ce samedi!!!!! Le p\u00e8re No\u00ebl G\u00e9rard ,\u00a0 a distribu\u00e9 pr\u00e8s de 70 sachets de friandises aux enfants du quartier. &hellip; <a href=\"https:\/\/www.comitenervo.fr\/?p=1631\">Continuer la lecture <span class=\"meta-nav\">&rarr;<\/span><\/a><\/p>\n","protected":false},"author":2,"featured_media":0,"comment_status":"open","ping_status":"open","sticky":false,"template":"","format":"standard","meta":{"_monsterinsights_skip_tracking":false,"_monsterinsights_sitenote_active":false,"_monsterinsights_sitenote_note":"","_monsterinsights_sitenote_category":0,"ngg_post_thumbnail":0,"footnotes":""},"categories":[6],"tags":[],"class_list":["post-1631","post","type-post","status-publish","format-standard","hentry","category-vie-de-la-cite"],"_links":{"self":[{"href":"https:\/\/www.comitenervo.fr\/index.php?rest_route=\/wp\/v2\/posts\/1631","targetHints":{"allow":["GET"]}}],"collection":[{"href":"https:\/\/www.comitenervo.fr\/index.php?rest_route=\/wp\/v2\/posts"}],"about":[{"href":"https:\/\/www.comitenervo.fr\/index.php?rest_route=\/wp\/v2\/types\/post"}],"author":[{"embeddable":true,"href":"https:\/\/www.comitenervo.fr\/index.php?rest_route=\/wp\/v2\/users\/2"}],"replies":[{"embeddable":true,"href":"https:\/\/www.comitenervo.fr\/index.php?rest_route=%2Fwp%2Fv2%2Fcomments&post=1631"}],"version-history":[{"count":5,"href":"https:\/\/www.comitenervo.fr\/index.php?rest_route=\/wp\/v2\/posts\/1631\/revisions"}],"predecessor-version":[{"id":1638,"href":"https:\/\/www.comitenervo.fr\/index.php?rest_route=\/wp\/v2\/posts\/1631\/revisions\/1638"}],"wp:attachment":[{"href":"https:\/\/www.comitenervo.fr\/index.php?rest_route=%2Fwp%2Fv2%2Fmedia&parent=1631"}],"wp:term":[{"taxonomy":"category","embeddable":true,"href":"https:\/\/www.comitenervo.fr\/index.php?rest_route=%2Fwp%2Fv2%2Fcategories&post=1631"},{"taxonomy":"post_tag","embeddable":true,"href":"https:\/\/www.comitenervo.fr\/index.php?rest_route=%2Fwp%2Fv2%2Ftags&post=1631"}],"curies":[{"name":"wp","href":"https:\/\/api.w.org\/{rel}","templated":true}]}}